{"id":43063,"date":"2026-03-12T19:25:11","date_gmt":"2026-03-12T23:25:11","guid":{"rendered":"https:\/\/prensapresidencialvenezuela.gob.ve\/?p=43063"},"modified":"2026-03-12T19:25:12","modified_gmt":"2026-03-12T23:25:12","slug":"mision-nevado-y-programa-emprender-juntos-extienden-su-alcance-a-los-condominios","status":"publish","type":"post","link":"https:\/\/prensapresidencialvenezuela.gob.ve\/index.php\/2026\/03\/12\/mision-nevado-y-programa-emprender-juntos-extienden-su-alcance-a-los-condominios\/","title":{"rendered":"Misi\u00f3n Nevado y Programa Emprender Juntos extienden su alcance a los condominios"},"content":{"rendered":"\n<p><strong>CELARG, estado Miranda<\/strong>. &#8211; En el marco del impulso a los movimientos vecinales, la presidenta Encargada, Delcy Rodr\u00edguez, instruy\u00f3 la integraci\u00f3n de la Misi\u00f3n Nevado en los planes de atenci\u00f3n de los condominios.<\/p>\n\n\n\n<p>Esta medida contempla la ejecuci\u00f3n de jornadas de vacunaci\u00f3n, esterilizaci\u00f3n y atenci\u00f3n veterinaria para animales de compa\u00f1\u00eda directamente en las comunidades organizadas, resaltando la importancia de la sensibilidad social en el entorno habitacional.<\/p>\n\n\n\n<p>Por otra parte, destac\u00f3 el impacto del programa Emprender Juntos, detallando que el 65% de estas iniciativas son lideradas por mujeres que iniciaron sus proyectos durante la pandemia.<\/p>\n\n\n\n<p>Record\u00f3 que se han dispuesto recursos equivalentes a 70 millones de d\u00f3lares para el financiamiento de emprendimientos femeninos, e inst\u00f3 a facilitar los tr\u00e1mites administrativos ante entes como el Saren y el Seniat para potenciar la econom\u00eda local.<\/p>\n\n\n\n<p>De esta manera, el Gobierno Bolivariano reafirma el compromiso de avanzar en la uni\u00f3n nacional por la salud pol\u00edtica, econ\u00f3mica y social de la Rep\u00fablica.<\/p>\n\n\n\n<p>Prensa Presidencial \/ Kaylib Maita<\/p>\n","protected":false},"excerpt":{"rendered":"<p>CELARG, estado Miranda. &#8211; En el marco del impulso a los movimientos vecinales, la presidenta Encargada, Delcy Rodr\u00edguez, instruy\u00f3 la integraci\u00f3n de la Misi\u00f3n Nevado en los planes de atenci\u00f3n de los condominios. Esta medida contempla la ejecuci\u00f3n de jornadas de vacunaci\u00f3n, esterilizaci\u00f3n y atenci\u00f3n veterinaria para animales de compa\u00f1\u00eda directamente en las comunidades organizadas, [&hellip;]<\/p>\n","protected":false},"author":21,"featured_media":43069,"comment_status":"open","ping_status":"open","sticky":false,"template":"","format":"standard","meta":{"footnotes":""},"categories":[18,7],"tags":[1939,1891,20],"class_list":["post-43063","post","type-post","status-publish","format-standard","has-post-thumbnail","hentry","category-noticias-principales","category-notas-de-prensa","tag-mision-nevado","tag-presidenta-encargada-delcy-rodriguez","tag-venezuela"],"_links":{"self":[{"href":"https:\/\/prensapresidencialvenezuela.gob.ve\/index.php\/wp-json\/wp\/v2\/posts\/43063","targetHints":{"allow":["GET"]}}],"collection":[{"href":"https:\/\/prensapresidencialvenezuela.gob.ve\/index.php\/wp-json\/wp\/v2\/posts"}],"about":[{"href":"https:\/\/prensapresidencialvenezuela.gob.ve\/index.php\/wp-json\/wp\/v2\/types\/post"}],"author":[{"embeddable":true,"href":"https:\/\/prensapresidencialvenezuela.gob.ve\/index.php\/wp-json\/wp\/v2\/users\/21"}],"replies":[{"embeddable":true,"href":"https:\/\/prensapresidencialvenezuela.gob.ve\/index.php\/wp-json\/wp\/v2\/comments?post=43063"}],"version-history":[{"count":1,"href":"https:\/\/prensapresidencialvenezuela.gob.ve\/index.php\/wp-json\/wp\/v2\/posts\/43063\/revisions"}],"predecessor-version":[{"id":43064,"href":"https:\/\/prensapresidencialvenezuela.gob.ve\/index.php\/wp-json\/wp\/v2\/posts\/43063\/revisions\/43064"}],"wp:featuredmedia":[{"embeddable":true,"href":"https:\/\/prensapresidencialvenezuela.gob.ve\/index.php\/wp-json\/wp\/v2\/media\/43069"}],"wp:attachment":[{"href":"https:\/\/prensapresidencialvenezuela.gob.ve\/index.php\/wp-json\/wp\/v2\/media?parent=43063"}],"wp:term":[{"taxonomy":"category","embeddable":true,"href":"https:\/\/prensapresidencialvenezuela.gob.ve\/index.php\/wp-json\/wp\/v2\/categories?post=43063"},{"taxonomy":"post_tag","embeddable":true,"href":"https:\/\/prensapresidencialvenezuela.gob.ve\/index.php\/wp-json\/wp\/v2\/tags?post=43063"}],"curies":[{"name":"wp","href":"https:\/\/api.w.org\/{rel}","templated":true}]}}