{"id":43073,"date":"2026-03-12T19:31:46","date_gmt":"2026-03-12T23:31:46","guid":{"rendered":"https:\/\/prensapresidencialvenezuela.gob.ve\/?p=43073"},"modified":"2026-03-12T19:47:25","modified_gmt":"2026-03-12T23:47:25","slug":"presidenta-e-delcy-rodriguez-hace-un-llamado-a-la-convivencia-y-la-paz","status":"publish","type":"post","link":"https:\/\/prensapresidencialvenezuela.gob.ve\/index.php\/2026\/03\/12\/presidenta-e-delcy-rodriguez-hace-un-llamado-a-la-convivencia-y-la-paz\/","title":{"rendered":"Presidenta (E) Delcy Rodr\u00edguez hace un llamado a la convivencia y la Paz"},"content":{"rendered":"\n<p><strong>Estado Miranda, Venezuela. \u2013<\/strong> Este jueves, la presidenta Encargada de la Rep\u00fablica Bolivariana de Venezuela, Delcy Rodr\u00edguez, hizo un llamado a que los venezolanos y las venezolanas se sumaran al <strong>\u00abPrograma para la Paz y Convivencia Democr\u00e1tica\u00bb<\/strong>, con la finalidad que \u00abno se imponga ni el extremismo, ni el radicalismo, que se imponga es el aporte\u00bb.<\/p>\n\n\n\n<p>\u00abEl d\u00eda que nosotros lanzamos el programa dijimos, esta hoja est\u00e1 en blanco, para que se sumen los que quieran y las que quieran, y yo ratifico (\u2026) y ese debe ser el norte, la paz de Venezuela. Nos debe animar la paz, no la guerra, no la violencia\u00bb, precis\u00f3 Rodr\u00edguez. <\/p>\n\n\n\n<p>Al mismo tiempo, la Mandataria Encargada resalt\u00f3 que el objetivo es proteger el futuro de la Naci\u00f3n, debido a que quedar\u00e1 como legado para la juventud, los ni\u00f1os y las ni\u00f1as de la Patria, \u00abun pa\u00eds que no sea colonia, que sea Rep\u00fablica y que esa Rep\u00fablica tenga como base la convivencia nacional\u00bb. <\/p>\n\n\n\n<p>Adem\u00e1s, a\u00f1adi\u00f3 que ya es momento de poner fin al extremismo, por lo que inst\u00f3 a los venezolanos a dejar el odio y la intolerancia, porque \u00abno nos trajo nada bueno\u00bb. Por otra parte, la Dra. Delcy Rodr\u00edguez subray\u00f3 la importancia de trabajar sin descanso por Venezuela, y que esta acci\u00f3n \u00absea nuestro Himno Nacional y nuestra Bandera Tricolor, la que gu\u00ede nuestros pasos como pa\u00eds\u00bb.<\/p>\n\n\n\n<p>\u00abQue no se apodere ni el odio ni la intolerancia de nuestra rep\u00fablica, ni de nuestro pueblo, ni de nuestro territorio\u00bb, reiter\u00f3. Por \u00faltimo, puntualiz\u00f3 que \u00absea el amor, la amistad, la cooperaci\u00f3n y el entendimiento que como vecinos y vecinas\u00bb, los dirija a trabajar por el bienestar y la paz de Venezuela. <\/p>\n\n\n\n<p><strong>Prensa Presidencial\/ Irmary D\u00edaz<\/strong><\/p>\n","protected":false},"excerpt":{"rendered":"<p>Estado Miranda, Venezuela. \u2013 Este jueves, la presidenta Encargada de la Rep\u00fablica Bolivariana de Venezuela, Delcy Rodr\u00edguez, hizo un llamado a que los venezolanos y las venezolanas se sumaran al \u00abPrograma para la Paz y Convivencia Democr\u00e1tica\u00bb, con la finalidad que \u00abno se imponga ni el extremismo, ni el radicalismo, que se imponga es el [&hellip;]<\/p>\n","protected":false},"author":15,"featured_media":43074,"comment_status":"open","ping_status":"open","sticky":false,"template":"","format":"standard","meta":{"footnotes":""},"categories":[18,7],"tags":[1940,557],"class_list":["post-43073","post","type-post","status-publish","format-standard","has-post-thumbnail","hentry","category-noticias-principales","category-notas-de-prensa","tag-convivencia-democratica","tag-paz"],"_links":{"self":[{"href":"https:\/\/prensapresidencialvenezuela.gob.ve\/index.php\/wp-json\/wp\/v2\/posts\/43073","targetHints":{"allow":["GET"]}}],"collection":[{"href":"https:\/\/prensapresidencialvenezuela.gob.ve\/index.php\/wp-json\/wp\/v2\/posts"}],"about":[{"href":"https:\/\/prensapresidencialvenezuela.gob.ve\/index.php\/wp-json\/wp\/v2\/types\/post"}],"author":[{"embeddable":true,"href":"https:\/\/prensapresidencialvenezuela.gob.ve\/index.php\/wp-json\/wp\/v2\/users\/15"}],"replies":[{"embeddable":true,"href":"https:\/\/prensapresidencialvenezuela.gob.ve\/index.php\/wp-json\/wp\/v2\/comments?post=43073"}],"version-history":[{"count":3,"href":"https:\/\/prensapresidencialvenezuela.gob.ve\/index.php\/wp-json\/wp\/v2\/posts\/43073\/revisions"}],"predecessor-version":[{"id":43083,"href":"https:\/\/prensapresidencialvenezuela.gob.ve\/index.php\/wp-json\/wp\/v2\/posts\/43073\/revisions\/43083"}],"wp:featuredmedia":[{"embeddable":true,"href":"https:\/\/prensapresidencialvenezuela.gob.ve\/index.php\/wp-json\/wp\/v2\/media\/43074"}],"wp:attachment":[{"href":"https:\/\/prensapresidencialvenezuela.gob.ve\/index.php\/wp-json\/wp\/v2\/media?parent=43073"}],"wp:term":[{"taxonomy":"category","embeddable":true,"href":"https:\/\/prensapresidencialvenezuela.gob.ve\/index.php\/wp-json\/wp\/v2\/categories?post=43073"},{"taxonomy":"post_tag","embeddable":true,"href":"https:\/\/prensapresidencialvenezuela.gob.ve\/index.php\/wp-json\/wp\/v2\/tags?post=43073"}],"curies":[{"name":"wp","href":"https:\/\/api.w.org\/{rel}","templated":true}]}}