{"id":43106,"date":"2026-03-13T16:25:59","date_gmt":"2026-03-13T20:25:59","guid":{"rendered":"https:\/\/prensapresidencialvenezuela.gob.ve\/?p=43106"},"modified":"2026-03-13T18:06:37","modified_gmt":"2026-03-13T22:06:37","slug":"ministros-de-venezuela-y-colombia-avanzan-en-acuerdos-a-traves-de-mesas-de-trabajo-en-seguridad-comercio-y-energia","status":"publish","type":"post","link":"https:\/\/prensapresidencialvenezuela.gob.ve\/index.php\/2026\/03\/13\/ministros-de-venezuela-y-colombia-avanzan-en-acuerdos-a-traves-de-mesas-de-trabajo-en-seguridad-comercio-y-energia\/","title":{"rendered":"Ministros de Venezuela y Colombia avanzan en acuerdos a trav\u00e9s de Mesas de Trabajo en seguridad, comercio y energ\u00eda"},"content":{"rendered":"\n<p>Caracas, Venezuela.- Con el objetivo de afianzar los lazos diplom\u00e1ticos, los gobiernos de Venezuela y Colombia instalaron este viernes cuatro mesas de trabajo de alto nivel en el Palacio de Miraflores, en Caracas.<\/p>\n\n\n\n<p>Estos encuentros, enmarcados en la Diplomacia de Paz, abordan temas fundamentales en materia de Relaciones Exteriores, Seguridad y Defensa, Comercio y Turismo, y Energ\u00eda y Petr\u00f3leo, buscando el beneficio mutuo de ambas naciones.<\/p>\n\n\n\n<p>En el \u00e1rea de Seguridad y Defensa, los ministros de Venezuela y Colombia, Vladimir Padrino L\u00f3pez y Pedro S\u00e1nchez Su\u00e1rez, respectivamente, coordinaron estrategias para los m\u00e1s de 2.200 kil\u00f3metros de frontera compartida.<\/p>\n\n\n\n<figure class=\"wp-block-image size-large\"><img fetchpriority=\"high\" decoding=\"async\" width=\"1024\" height=\"676\" src=\"https:\/\/prensapresidencialvenezuela.gob.ve\/wp-content\/uploads\/2026\/03\/09_ZC__0515_P-1024x676.jpg\" alt=\"\" class=\"wp-image-43120\" srcset=\"https:\/\/prensapresidencialvenezuela.gob.ve\/wp-content\/uploads\/2026\/03\/09_ZC__0515_P-1024x676.jpg 1024w, https:\/\/prensapresidencialvenezuela.gob.ve\/wp-content\/uploads\/2026\/03\/09_ZC__0515_P-300x198.jpg 300w, https:\/\/prensapresidencialvenezuela.gob.ve\/wp-content\/uploads\/2026\/03\/09_ZC__0515_P-768x507.jpg 768w, https:\/\/prensapresidencialvenezuela.gob.ve\/wp-content\/uploads\/2026\/03\/09_ZC__0515_P-1536x1014.jpg 1536w, https:\/\/prensapresidencialvenezuela.gob.ve\/wp-content\/uploads\/2026\/03\/09_ZC__0515_P-2048x1352.jpg 2048w\" sizes=\"(max-width: 1024px) 100vw, 1024px\" \/><\/figure>\n\n\n\n<p>Paralelamente, en la mesa de Relaciones Exteriores, los cancilleres de ambas naciones, Yv\u00e1n Gil y Rosa Yolanda Villavicencio, trabajaron en una hoja de ruta que prioriza la hermandad y la convivencia pac\u00edfica entre los dos pa\u00edses.<\/p>\n\n\n\n<p>Por su parte, la mesa de Comercio y Turismo destac\u00f3 el crecimiento econ\u00f3mico binacional, que en 2025 alcanz\u00f3 los 1.170 millones de d\u00f3lares, un 4,1% m\u00e1s que el a\u00f1o anterior. En tanto que, los ministros venezolanos Daniella Cabello, Coromoto Godoy y Luis Villegas, junto a autoridades colombianas, evaluaron proyectos para potenciar el intercambio comercial y el flujo tur\u00edstico durante el presente a\u00f1o.<\/p>\n\n\n\n<figure class=\"wp-block-image size-large\"><img decoding=\"async\" width=\"1024\" height=\"704\" src=\"https:\/\/prensapresidencialvenezuela.gob.ve\/wp-content\/uploads\/2026\/03\/11_ZC__0547_P-1-1024x704.jpg\" alt=\"\" class=\"wp-image-43110\" srcset=\"https:\/\/prensapresidencialvenezuela.gob.ve\/wp-content\/uploads\/2026\/03\/11_ZC__0547_P-1-1024x704.jpg 1024w, https:\/\/prensapresidencialvenezuela.gob.ve\/wp-content\/uploads\/2026\/03\/11_ZC__0547_P-1-300x206.jpg 300w, https:\/\/prensapresidencialvenezuela.gob.ve\/wp-content\/uploads\/2026\/03\/11_ZC__0547_P-1-768x528.jpg 768w, https:\/\/prensapresidencialvenezuela.gob.ve\/wp-content\/uploads\/2026\/03\/11_ZC__0547_P-1-1536x1056.jpg 1536w, https:\/\/prensapresidencialvenezuela.gob.ve\/wp-content\/uploads\/2026\/03\/11_ZC__0547_P-1-2048x1407.jpg 2048w\" sizes=\"(max-width: 1024px) 100vw, 1024px\" \/><\/figure>\n\n\n\n<p>Finalmente, en materia de Energ\u00eda y Petr\u00f3leo, se ratific\u00f3 la alianza entre PDVSA y Ecopetrol para el suministro de gas venezolano a Colombia. En esta mesa participaron los representantes de las \u00e1reas el\u00e9ctrica y petroqu\u00edmica de ambos pueblos.<\/p>\n\n\n\n<figure class=\"wp-block-image size-large\"><img decoding=\"async\" width=\"1024\" height=\"665\" src=\"https:\/\/prensapresidencialvenezuela.gob.ve\/wp-content\/uploads\/2026\/03\/18_ZC__0628_P-1024x665.jpg\" alt=\"\" class=\"wp-image-43111\" srcset=\"https:\/\/prensapresidencialvenezuela.gob.ve\/wp-content\/uploads\/2026\/03\/18_ZC__0628_P-1024x665.jpg 1024w, https:\/\/prensapresidencialvenezuela.gob.ve\/wp-content\/uploads\/2026\/03\/18_ZC__0628_P-300x195.jpg 300w, https:\/\/prensapresidencialvenezuela.gob.ve\/wp-content\/uploads\/2026\/03\/18_ZC__0628_P-768x499.jpg 768w, https:\/\/prensapresidencialvenezuela.gob.ve\/wp-content\/uploads\/2026\/03\/18_ZC__0628_P-1536x998.jpg 1536w, https:\/\/prensapresidencialvenezuela.gob.ve\/wp-content\/uploads\/2026\/03\/18_ZC__0628_P-2048x1330.jpg 2048w\" sizes=\"(max-width: 1024px) 100vw, 1024px\" \/><\/figure>\n\n\n\n<p><strong>Prensa Presidencial \/ Iliana Rosales<\/strong><\/p>\n\n\n\n<p><\/p>\n","protected":false},"excerpt":{"rendered":"<p>Caracas, Venezuela.- Con el objetivo de afianzar los lazos diplom\u00e1ticos, los gobiernos de Venezuela y Colombia instalaron este viernes cuatro mesas de trabajo de alto nivel en el Palacio de Miraflores, en Caracas. Estos encuentros, enmarcados en la Diplomacia de Paz, abordan temas fundamentales en materia de Relaciones Exteriores, Seguridad y Defensa, Comercio y Turismo, [&hellip;]<\/p>\n","protected":false},"author":19,"featured_media":43115,"comment_status":"open","ping_status":"open","sticky":false,"template":"","format":"standard","meta":{"footnotes":""},"categories":[18,7],"tags":[122,20],"class_list":["post-43106","post","type-post","status-publish","format-standard","has-post-thumbnail","hentry","category-noticias-principales","category-notas-de-prensa","tag-delcy-rodriguez","tag-venezuela"],"_links":{"self":[{"href":"https:\/\/prensapresidencialvenezuela.gob.ve\/index.php\/wp-json\/wp\/v2\/posts\/43106","targetHints":{"allow":["GET"]}}],"collection":[{"href":"https:\/\/prensapresidencialvenezuela.gob.ve\/index.php\/wp-json\/wp\/v2\/posts"}],"about":[{"href":"https:\/\/prensapresidencialvenezuela.gob.ve\/index.php\/wp-json\/wp\/v2\/types\/post"}],"author":[{"embeddable":true,"href":"https:\/\/prensapresidencialvenezuela.gob.ve\/index.php\/wp-json\/wp\/v2\/users\/19"}],"replies":[{"embeddable":true,"href":"https:\/\/prensapresidencialvenezuela.gob.ve\/index.php\/wp-json\/wp\/v2\/comments?post=43106"}],"version-history":[{"count":4,"href":"https:\/\/prensapresidencialvenezuela.gob.ve\/index.php\/wp-json\/wp\/v2\/posts\/43106\/revisions"}],"predecessor-version":[{"id":43121,"href":"https:\/\/prensapresidencialvenezuela.gob.ve\/index.php\/wp-json\/wp\/v2\/posts\/43106\/revisions\/43121"}],"wp:featuredmedia":[{"embeddable":true,"href":"https:\/\/prensapresidencialvenezuela.gob.ve\/index.php\/wp-json\/wp\/v2\/media\/43115"}],"wp:attachment":[{"href":"https:\/\/prensapresidencialvenezuela.gob.ve\/index.php\/wp-json\/wp\/v2\/media?parent=43106"}],"wp:term":[{"taxonomy":"category","embeddable":true,"href":"https:\/\/prensapresidencialvenezuela.gob.ve\/index.php\/wp-json\/wp\/v2\/categories?post=43106"},{"taxonomy":"post_tag","embeddable":true,"href":"https:\/\/prensapresidencialvenezuela.gob.ve\/index.php\/wp-json\/wp\/v2\/tags?post=43106"}],"curies":[{"name":"wp","href":"https:\/\/api.w.org\/{rel}","templated":true}]}}