{"id":43124,"date":"2026-03-13T20:16:46","date_gmt":"2026-03-14T00:16:46","guid":{"rendered":"https:\/\/prensapresidencialvenezuela.gob.ve\/?p=43124"},"modified":"2026-03-13T20:16:47","modified_gmt":"2026-03-14T00:16:47","slug":"presidenta-e-delcy-rodriguez-lidera-reunion-de-trabajo-entre-delegaciones-de-venezuela-y-colombia","status":"publish","type":"post","link":"https:\/\/prensapresidencialvenezuela.gob.ve\/index.php\/2026\/03\/13\/presidenta-e-delcy-rodriguez-lidera-reunion-de-trabajo-entre-delegaciones-de-venezuela-y-colombia\/","title":{"rendered":"Presidenta (E) Delcy Rodr\u00edguez lidera reuni\u00f3n de trabajo entre delegaciones de Venezuela y Colombia"},"content":{"rendered":"\n<p><strong>Palacio de Miraflores, Caracas. <\/strong>Desde el Palacio de Miraflores, en Caracas, la presidenta (E) de la Rep\u00fablica Bolivariana de Venezuela, Delcy Rodr\u00edguez, lidera una reuni\u00f3n de trabajo de alto nivel con la presencia de ministros y viceministros venezolanos y colombianos.<\/p>\n\n\n\n<p>El encuentro, que se desarrolla en los espacios de la sede del Poder Ejecutivo, fue antecedido por cuatro mesas de trabajo binacionales que contaron con la presencia de autoridades en materia de Relaciones Exteriores, Seguridad y Defensa, Comercio y Turismo, y Energ\u00eda y Petr\u00f3leo.<\/p>\n\n\n\n<p>El eje central del evento es el fortalecimiento de la integraci\u00f3n en materia de energ\u00eda e hidrocarburos, por medio de mecanismos de cooperaci\u00f3n que garanticen la estabilidad del suministro y como parte de la Diplomacia de Paz.<\/p>\n\n\n\n<p><strong>Prensa Presidencial \/ Iliana Rosales<\/strong><\/p>\n","protected":false},"excerpt":{"rendered":"<p>Palacio de Miraflores, Caracas. Desde el Palacio de Miraflores, en Caracas, la presidenta (E) de la Rep\u00fablica Bolivariana de Venezuela, Delcy Rodr\u00edguez, lidera una reuni\u00f3n de trabajo de alto nivel con la presencia de ministros y viceministros venezolanos y colombianos. El encuentro, que se desarrolla en los espacios de la sede del Poder Ejecutivo, fue [&hellip;]<\/p>\n","protected":false},"author":19,"featured_media":43125,"comment_status":"open","ping_status":"open","sticky":false,"template":"","format":"standard","meta":{"footnotes":""},"categories":[18,7],"tags":[122,20],"class_list":["post-43124","post","type-post","status-publish","format-standard","has-post-thumbnail","hentry","category-noticias-principales","category-notas-de-prensa","tag-delcy-rodriguez","tag-venezuela"],"_links":{"self":[{"href":"https:\/\/prensapresidencialvenezuela.gob.ve\/index.php\/wp-json\/wp\/v2\/posts\/43124","targetHints":{"allow":["GET"]}}],"collection":[{"href":"https:\/\/prensapresidencialvenezuela.gob.ve\/index.php\/wp-json\/wp\/v2\/posts"}],"about":[{"href":"https:\/\/prensapresidencialvenezuela.gob.ve\/index.php\/wp-json\/wp\/v2\/types\/post"}],"author":[{"embeddable":true,"href":"https:\/\/prensapresidencialvenezuela.gob.ve\/index.php\/wp-json\/wp\/v2\/users\/19"}],"replies":[{"embeddable":true,"href":"https:\/\/prensapresidencialvenezuela.gob.ve\/index.php\/wp-json\/wp\/v2\/comments?post=43124"}],"version-history":[{"count":1,"href":"https:\/\/prensapresidencialvenezuela.gob.ve\/index.php\/wp-json\/wp\/v2\/posts\/43124\/revisions"}],"predecessor-version":[{"id":43126,"href":"https:\/\/prensapresidencialvenezuela.gob.ve\/index.php\/wp-json\/wp\/v2\/posts\/43124\/revisions\/43126"}],"wp:featuredmedia":[{"embeddable":true,"href":"https:\/\/prensapresidencialvenezuela.gob.ve\/index.php\/wp-json\/wp\/v2\/media\/43125"}],"wp:attachment":[{"href":"https:\/\/prensapresidencialvenezuela.gob.ve\/index.php\/wp-json\/wp\/v2\/media?parent=43124"}],"wp:term":[{"taxonomy":"category","embeddable":true,"href":"https:\/\/prensapresidencialvenezuela.gob.ve\/index.php\/wp-json\/wp\/v2\/categories?post=43124"},{"taxonomy":"post_tag","embeddable":true,"href":"https:\/\/prensapresidencialvenezuela.gob.ve\/index.php\/wp-json\/wp\/v2\/tags?post=43124"}],"curies":[{"name":"wp","href":"https:\/\/api.w.org\/{rel}","templated":true}]}}