{"id":43128,"date":"2026-03-13T20:15:11","date_gmt":"2026-03-14T00:15:11","guid":{"rendered":"https:\/\/prensapresidencialvenezuela.gob.ve\/?p=43128"},"modified":"2026-03-13T20:17:17","modified_gmt":"2026-03-14T00:17:17","slug":"almirante-orlando-maniglia-designado-como-embajador-de-venezuela-ante-la-republica-colombia","status":"publish","type":"post","link":"https:\/\/prensapresidencialvenezuela.gob.ve\/index.php\/2026\/03\/13\/almirante-orlando-maniglia-designado-como-embajador-de-venezuela-ante-la-republica-colombia\/","title":{"rendered":"Almirante Orlando Maniglia designado como Embajador de Venezuela ante la Rep\u00fablica Colombia"},"content":{"rendered":"\n<p><strong>Palacio de Miraflores, Caracas.- <\/strong>Durante un encuentro bilateral entre Venezuela y Colombia, se anunci\u00f3 oficialmente que el Almirante en Jefe, Orlando Maniglia, ha sido designado como el nuevo Embajador de la Rep\u00fablica Bolivariana de Venezuela ante la Rep\u00fablica de Colombia.<\/p>\n\n\n\n<p>Este movimiento busca fortalecer los lazos diplom\u00e1ticos y dar continuidad a la agenda de normalizaci\u00f3n de relaciones, inform\u00f3 este viernes la presidenta Encargada, Delcy Rodr\u00edguez.<\/p>\n\n\n\n<p>La gesti\u00f3n de Maniglia estar\u00e1 enfocada en la coordinaci\u00f3n de defensa y seguridad en la frontera. El plan incluye el intercambio de sistemas de informaci\u00f3n entre las fuerzas militares de ambas naciones para combatir grupos criminales.<\/p>\n\n\n\n<p>La mandataria (E) destac\u00f3 que el objetivo es la \u00abcoordinaci\u00f3n inmediata, al intercambio de informaci\u00f3n permanente, al trabajo de inteligencia donde podamos intercambiarnos nuestros sistemas de inteligencia para dar combate al narcotr\u00e1fico\u00bb.<\/p>\n\n\n\n<p>Finalmente, solicit\u00f3 a los ministros de ambos pa\u00edses, presentes en el encuentro, mantener una comunicaci\u00f3n constante para compartir datos estrat\u00e9gicos sobre los temas de seguridad en la frontera.<\/p>\n\n\n\n<p>\u00abEs un problema que tenemos como pa\u00edses y estamos llamados a avanzar conjuntamente las coordinaciones inmediatas, la mejor articulaci\u00f3n en intercambio de informaci\u00f3n de inteligencia\u00bb, puntualiz\u00f3.<\/p>\n\n\n\n<p><strong>Prensa Presidencial \/ Iliana Rosales<\/strong><\/p>\n","protected":false},"excerpt":{"rendered":"<p>Palacio de Miraflores, Caracas.- Durante un encuentro bilateral entre Venezuela y Colombia, se anunci\u00f3 oficialmente que el Almirante en Jefe, Orlando Maniglia, ha sido designado como el nuevo Embajador de la Rep\u00fablica Bolivariana de Venezuela ante la Rep\u00fablica de Colombia. Este movimiento busca fortalecer los lazos diplom\u00e1ticos y dar continuidad a la agenda de normalizaci\u00f3n [&hellip;]<\/p>\n","protected":false},"author":19,"featured_media":43129,"comment_status":"open","ping_status":"open","sticky":false,"template":"","format":"standard","meta":{"footnotes":""},"categories":[18,7],"tags":[122,20],"class_list":["post-43128","post","type-post","status-publish","format-standard","has-post-thumbnail","hentry","category-noticias-principales","category-notas-de-prensa","tag-delcy-rodriguez","tag-venezuela"],"_links":{"self":[{"href":"https:\/\/prensapresidencialvenezuela.gob.ve\/index.php\/wp-json\/wp\/v2\/posts\/43128","targetHints":{"allow":["GET"]}}],"collection":[{"href":"https:\/\/prensapresidencialvenezuela.gob.ve\/index.php\/wp-json\/wp\/v2\/posts"}],"about":[{"href":"https:\/\/prensapresidencialvenezuela.gob.ve\/index.php\/wp-json\/wp\/v2\/types\/post"}],"author":[{"embeddable":true,"href":"https:\/\/prensapresidencialvenezuela.gob.ve\/index.php\/wp-json\/wp\/v2\/users\/19"}],"replies":[{"embeddable":true,"href":"https:\/\/prensapresidencialvenezuela.gob.ve\/index.php\/wp-json\/wp\/v2\/comments?post=43128"}],"version-history":[{"count":1,"href":"https:\/\/prensapresidencialvenezuela.gob.ve\/index.php\/wp-json\/wp\/v2\/posts\/43128\/revisions"}],"predecessor-version":[{"id":43130,"href":"https:\/\/prensapresidencialvenezuela.gob.ve\/index.php\/wp-json\/wp\/v2\/posts\/43128\/revisions\/43130"}],"wp:featuredmedia":[{"embeddable":true,"href":"https:\/\/prensapresidencialvenezuela.gob.ve\/index.php\/wp-json\/wp\/v2\/media\/43129"}],"wp:attachment":[{"href":"https:\/\/prensapresidencialvenezuela.gob.ve\/index.php\/wp-json\/wp\/v2\/media?parent=43128"}],"wp:term":[{"taxonomy":"category","embeddable":true,"href":"https:\/\/prensapresidencialvenezuela.gob.ve\/index.php\/wp-json\/wp\/v2\/categories?post=43128"},{"taxonomy":"post_tag","embeddable":true,"href":"https:\/\/prensapresidencialvenezuela.gob.ve\/index.php\/wp-json\/wp\/v2\/tags?post=43128"}],"curies":[{"name":"wp","href":"https:\/\/api.w.org\/{rel}","templated":true}]}}