{"id":43131,"date":"2026-03-13T20:13:42","date_gmt":"2026-03-14T00:13:42","guid":{"rendered":"https:\/\/prensapresidencialvenezuela.gob.ve\/?p=43131"},"modified":"2026-03-13T20:17:49","modified_gmt":"2026-03-14T00:17:49","slug":"sera-instalada-una-comision-administradora-del-acuerdo-comercial-colombia-venezuela-para-el-18-de-marzo","status":"publish","type":"post","link":"https:\/\/prensapresidencialvenezuela.gob.ve\/index.php\/2026\/03\/13\/sera-instalada-una-comision-administradora-del-acuerdo-comercial-colombia-venezuela-para-el-18-de-marzo\/","title":{"rendered":"Ser\u00e1 instalada una Comisi\u00f3n Administradora del Acuerdo Comercial Colombia- Venezuela para el 18 de marzo"},"content":{"rendered":"\n<p>Palacio de Miraflores, Caracas.- La presidenta Encargada de la Rep\u00fablica Bolivariana de Venezuela, Delcy Rodr\u00edguez, anunci\u00f3 que la Comisi\u00f3n Administradora del Acuerdo Comercial con Colombia se instalar\u00e1 formalmente el pr\u00f3ximo 18 de marzo.<\/p>\n\n\n\n<p>Esta instancia t\u00e9cnica busca regular y mejorar el flujo de mercanc\u00edas tras a\u00f1os de paralizaci\u00f3n en la zona fronteriza. \u00abEs una extraordinaria noticia que el 18 de marzo ya se instale la Comisi\u00f3n Administradora del Acuerdo Comercial Venezuela-Colombia\u00bb, dijo.<\/p>\n\n\n\n<p>Mencion\u00f3 que el cierre previo de los pasos fronterizos fue una decisi\u00f3n que perjudic\u00f3 la econom\u00eda de los habitantes de la zona y de los sectores productivos. \u00ab\u00bfA qui\u00e9n se le ocurre cerrar frontera Venezuela-Colombia? No tiene ning\u00fan sentido, ni de la vida pol\u00edtica, ni de la vida comercial, ni de la vida econ\u00f3mica de nuestros pa\u00edses\u00bb, cuestion\u00f3 durante el encuentro.<\/p>\n\n\n\n<p>Las cifras oficiales indican que el comercio binacional pas\u00f3 de 220 millones de d\u00f3lares en 2020 a 1.135 millones de d\u00f3lares en 2024. Este incremento es visto como un paso necesario para restablecer la actividad econ\u00f3mica de empresarios y campesinos.<\/p>\n\n\n\n<p>Finalmente, se plante\u00f3 la creaci\u00f3n de zonas binacionales de desarrollo para aprovechar la infraestructura industrial instalada en la frontera. El plan busca que la movilidad en los puentes internacionales sea productiva y genere un impacto real en el crecimiento nacional.<\/p>\n\n\n\n<p><strong>Prensa Presidencial \/ Iliana Rosales<\/strong><\/p>\n","protected":false},"excerpt":{"rendered":"<p>Palacio de Miraflores, Caracas.- La presidenta Encargada de la Rep\u00fablica Bolivariana de Venezuela, Delcy Rodr\u00edguez, anunci\u00f3 que la Comisi\u00f3n Administradora del Acuerdo Comercial con Colombia se instalar\u00e1 formalmente el pr\u00f3ximo 18 de marzo. Esta instancia t\u00e9cnica busca regular y mejorar el flujo de mercanc\u00edas tras a\u00f1os de paralizaci\u00f3n en la zona fronteriza. \u00abEs una extraordinaria [&hellip;]<\/p>\n","protected":false},"author":19,"featured_media":43132,"comment_status":"open","ping_status":"open","sticky":false,"template":"","format":"standard","meta":{"footnotes":""},"categories":[18,7],"tags":[122,20],"class_list":["post-43131","post","type-post","status-publish","format-standard","has-post-thumbnail","hentry","category-noticias-principales","category-notas-de-prensa","tag-delcy-rodriguez","tag-venezuela"],"_links":{"self":[{"href":"https:\/\/prensapresidencialvenezuela.gob.ve\/index.php\/wp-json\/wp\/v2\/posts\/43131","targetHints":{"allow":["GET"]}}],"collection":[{"href":"https:\/\/prensapresidencialvenezuela.gob.ve\/index.php\/wp-json\/wp\/v2\/posts"}],"about":[{"href":"https:\/\/prensapresidencialvenezuela.gob.ve\/index.php\/wp-json\/wp\/v2\/types\/post"}],"author":[{"embeddable":true,"href":"https:\/\/prensapresidencialvenezuela.gob.ve\/index.php\/wp-json\/wp\/v2\/users\/19"}],"replies":[{"embeddable":true,"href":"https:\/\/prensapresidencialvenezuela.gob.ve\/index.php\/wp-json\/wp\/v2\/comments?post=43131"}],"version-history":[{"count":1,"href":"https:\/\/prensapresidencialvenezuela.gob.ve\/index.php\/wp-json\/wp\/v2\/posts\/43131\/revisions"}],"predecessor-version":[{"id":43133,"href":"https:\/\/prensapresidencialvenezuela.gob.ve\/index.php\/wp-json\/wp\/v2\/posts\/43131\/revisions\/43133"}],"wp:featuredmedia":[{"embeddable":true,"href":"https:\/\/prensapresidencialvenezuela.gob.ve\/index.php\/wp-json\/wp\/v2\/media\/43132"}],"wp:attachment":[{"href":"https:\/\/prensapresidencialvenezuela.gob.ve\/index.php\/wp-json\/wp\/v2\/media?parent=43131"}],"wp:term":[{"taxonomy":"category","embeddable":true,"href":"https:\/\/prensapresidencialvenezuela.gob.ve\/index.php\/wp-json\/wp\/v2\/categories?post=43131"},{"taxonomy":"post_tag","embeddable":true,"href":"https:\/\/prensapresidencialvenezuela.gob.ve\/index.php\/wp-json\/wp\/v2\/tags?post=43131"}],"curies":[{"name":"wp","href":"https:\/\/api.w.org\/{rel}","templated":true}]}}