{"id":43136,"date":"2026-03-13T19:13:32","date_gmt":"2026-03-13T23:13:32","guid":{"rendered":"https:\/\/prensapresidencialvenezuela.gob.ve\/?p=43136"},"modified":"2026-03-13T19:13:32","modified_gmt":"2026-03-13T23:13:32","slug":"presidenta-e-delcy-rodriguez-expreso-que-el-fin-de-las-sanciones-es-un-requisito-para-la-integracion-regional","status":"publish","type":"post","link":"https:\/\/prensapresidencialvenezuela.gob.ve\/index.php\/2026\/03\/13\/presidenta-e-delcy-rodriguez-expreso-que-el-fin-de-las-sanciones-es-un-requisito-para-la-integracion-regional\/","title":{"rendered":"Presidenta (E) Delcy Rodr\u00edguez expres\u00f3 que el fin de las sanciones es un requisito para la integraci\u00f3n regional"},"content":{"rendered":"\n<p>Palacio de Miraflores, Caracas.- La presidenta Encargada de la Rep\u00fablica Bolivariana de Venezuela, Delcy Rodr\u00edguez, expres\u00f3 este viernes que el fin de las sanciones es un requisito para lograr la integraci\u00f3n regional y mejorar la infraestructura de los pa\u00edses.<\/p>\n\n\n\n<p>Durante un encuentro de alto nivel con representantes de la Rep\u00fablica de Colombia, celebrado en el Palacio de Miraflores en Caracas, envi\u00f3 un mensaje al mandatario estadounidense, Donald Trump, para que levante las sanciones econ\u00f3micas contra el Gobierno Bolivariano.<\/p>\n\n\n\n<p>Precis\u00f3 que estas medidas afectan no solo al Gobierno, sino tambi\u00e9n a la econom\u00eda de los pa\u00edses vecinos, especialmente a Colombia. Argument\u00f3 que este tipo de restricciones impiden el desarrollo de proyectos en la regi\u00f3n.<\/p>\n\n\n\n<p>Rodr\u00edguez explic\u00f3 que la normalizaci\u00f3n econ\u00f3mica permitir\u00eda avanzar en la compra y venta de recursos esenciales entre Caracas y Bogot\u00e1. Espec\u00edficamente, mencion\u00f3 el intercambio de gas y electricidad, as\u00ed como la producci\u00f3n de alimentos y la estabilidad en el sector agroindustrial colombiano.<\/p>\n\n\n\n<p><strong>Prensa Presidencial \/ Iliana Rosales<\/strong><\/p>\n","protected":false},"excerpt":{"rendered":"<p>Palacio de Miraflores, Caracas.- La presidenta Encargada de la Rep\u00fablica Bolivariana de Venezuela, Delcy Rodr\u00edguez, expres\u00f3 este viernes que el fin de las sanciones es un requisito para lograr la integraci\u00f3n regional y mejorar la infraestructura de los pa\u00edses. Durante un encuentro de alto nivel con representantes de la Rep\u00fablica de Colombia, celebrado en el [&hellip;]<\/p>\n","protected":false},"author":19,"featured_media":43137,"comment_status":"open","ping_status":"open","sticky":false,"template":"","format":"standard","meta":{"footnotes":""},"categories":[18,7],"tags":[122,20],"class_list":["post-43136","post","type-post","status-publish","format-standard","has-post-thumbnail","hentry","category-noticias-principales","category-notas-de-prensa","tag-delcy-rodriguez","tag-venezuela"],"_links":{"self":[{"href":"https:\/\/prensapresidencialvenezuela.gob.ve\/index.php\/wp-json\/wp\/v2\/posts\/43136","targetHints":{"allow":["GET"]}}],"collection":[{"href":"https:\/\/prensapresidencialvenezuela.gob.ve\/index.php\/wp-json\/wp\/v2\/posts"}],"about":[{"href":"https:\/\/prensapresidencialvenezuela.gob.ve\/index.php\/wp-json\/wp\/v2\/types\/post"}],"author":[{"embeddable":true,"href":"https:\/\/prensapresidencialvenezuela.gob.ve\/index.php\/wp-json\/wp\/v2\/users\/19"}],"replies":[{"embeddable":true,"href":"https:\/\/prensapresidencialvenezuela.gob.ve\/index.php\/wp-json\/wp\/v2\/comments?post=43136"}],"version-history":[{"count":1,"href":"https:\/\/prensapresidencialvenezuela.gob.ve\/index.php\/wp-json\/wp\/v2\/posts\/43136\/revisions"}],"predecessor-version":[{"id":43138,"href":"https:\/\/prensapresidencialvenezuela.gob.ve\/index.php\/wp-json\/wp\/v2\/posts\/43136\/revisions\/43138"}],"wp:featuredmedia":[{"embeddable":true,"href":"https:\/\/prensapresidencialvenezuela.gob.ve\/index.php\/wp-json\/wp\/v2\/media\/43137"}],"wp:attachment":[{"href":"https:\/\/prensapresidencialvenezuela.gob.ve\/index.php\/wp-json\/wp\/v2\/media?parent=43136"}],"wp:term":[{"taxonomy":"category","embeddable":true,"href":"https:\/\/prensapresidencialvenezuela.gob.ve\/index.php\/wp-json\/wp\/v2\/categories?post=43136"},{"taxonomy":"post_tag","embeddable":true,"href":"https:\/\/prensapresidencialvenezuela.gob.ve\/index.php\/wp-json\/wp\/v2\/tags?post=43136"}],"curies":[{"name":"wp","href":"https:\/\/api.w.org\/{rel}","templated":true}]}}