{"id":43140,"date":"2026-03-13T19:58:36","date_gmt":"2026-03-13T23:58:36","guid":{"rendered":"https:\/\/prensapresidencialvenezuela.gob.ve\/?p=43140"},"modified":"2026-03-13T19:58:36","modified_gmt":"2026-03-13T23:58:36","slug":"proximo-encuentro-binacional-entre-colombia-y-venezuela-sera-el-23-y-24-de-abril-en-maracaibo","status":"publish","type":"post","link":"https:\/\/prensapresidencialvenezuela.gob.ve\/index.php\/2026\/03\/13\/proximo-encuentro-binacional-entre-colombia-y-venezuela-sera-el-23-y-24-de-abril-en-maracaibo\/","title":{"rendered":"Pr\u00f3ximo encuentro binacional entre Colombia y Venezuela ser\u00e1 el 23 y 24 de abril en Maracaibo"},"content":{"rendered":"\n<p><strong>Palacio de Miraflores, Caracas.-<\/strong> La ministra de Relaciones Exteriores de Colombia, Rosa Yolanda Villavicencio, tras el encuentro binacional entre Colombia y Venezuela que calific\u00f3 como fruct\u00edfero, realizado en el Palacio de Miraflores este viernes, anunci\u00f3 que la pr\u00f3xima reuni\u00f3n de vecindad binacional ha sido programada para el 23 y 24 de abril de 2026, en la ciudad de Maracaibo.<\/p>\n\n\n\n<p>Este nuevo encuentro busca fomentar el esp\u00edritu de integraci\u00f3n y paz en la regi\u00f3n, destacando el compromiso de ambos pa\u00edses de avanzar en \u00ablos proyectos de orden econ\u00f3mico y social que permitan y traigan beneficio a nuestros pueblos y en las fronteras\u00bb, explic\u00f3 la Canciller colombiana.<\/p>\n\n\n\n<p>Durante la reuni\u00f3n, Villavicencio tambi\u00e9n expres\u00f3 su agradecimiento al Gobierno de la Rep\u00fablica Bolivariana de Venezuela por su colaboraci\u00f3n en la organizaci\u00f3n de este primer encuentro conjunto de este a\u00f1o. Y destac\u00f3 la importancia de fortalecer los lazos hist\u00f3ricos y culturales entre ambas naciones.<\/p>\n\n\n\n<p>Afirm\u00f3 Villavicencio, que \u00abnada ni nadie nos podr\u00e1 separar como pueblos hermanos\u00bb, refiri\u00e9ndose a Colombia y Venezuela. Adicionalmente, la Canciller de Colombia asegur\u00f3 que su pa\u00eds continuar\u00e1 \u00abcon el esp\u00edritu de unidad, de solidaridad y de integraci\u00f3n de esta Gran Colombia\u00bb.<\/p>\n\n\n\n<p><strong>Prensa Presidencial\/ Claudia Guerra M\u00e9ndez<\/strong><\/p>\n","protected":false},"excerpt":{"rendered":"<p>Palacio de Miraflores, Caracas.- La ministra de Relaciones Exteriores de Colombia, Rosa Yolanda Villavicencio, tras el encuentro binacional entre Colombia y Venezuela que calific\u00f3 como fruct\u00edfero, realizado en el Palacio de Miraflores este viernes, anunci\u00f3 que la pr\u00f3xima reuni\u00f3n de vecindad binacional ha sido programada para el 23 y 24 de abril de 2026, en [&hellip;]<\/p>\n","protected":false},"author":18,"featured_media":43146,"comment_status":"open","ping_status":"open","sticky":false,"template":"","format":"standard","meta":{"footnotes":""},"categories":[18,7],"tags":[40,1891,20],"class_list":["post-43140","post","type-post","status-publish","format-standard","has-post-thumbnail","hentry","category-noticias-principales","category-notas-de-prensa","tag-colombia","tag-presidenta-encargada-delcy-rodriguez","tag-venezuela"],"_links":{"self":[{"href":"https:\/\/prensapresidencialvenezuela.gob.ve\/index.php\/wp-json\/wp\/v2\/posts\/43140","targetHints":{"allow":["GET"]}}],"collection":[{"href":"https:\/\/prensapresidencialvenezuela.gob.ve\/index.php\/wp-json\/wp\/v2\/posts"}],"about":[{"href":"https:\/\/prensapresidencialvenezuela.gob.ve\/index.php\/wp-json\/wp\/v2\/types\/post"}],"author":[{"embeddable":true,"href":"https:\/\/prensapresidencialvenezuela.gob.ve\/index.php\/wp-json\/wp\/v2\/users\/18"}],"replies":[{"embeddable":true,"href":"https:\/\/prensapresidencialvenezuela.gob.ve\/index.php\/wp-json\/wp\/v2\/comments?post=43140"}],"version-history":[{"count":1,"href":"https:\/\/prensapresidencialvenezuela.gob.ve\/index.php\/wp-json\/wp\/v2\/posts\/43140\/revisions"}],"predecessor-version":[{"id":43141,"href":"https:\/\/prensapresidencialvenezuela.gob.ve\/index.php\/wp-json\/wp\/v2\/posts\/43140\/revisions\/43141"}],"wp:featuredmedia":[{"embeddable":true,"href":"https:\/\/prensapresidencialvenezuela.gob.ve\/index.php\/wp-json\/wp\/v2\/media\/43146"}],"wp:attachment":[{"href":"https:\/\/prensapresidencialvenezuela.gob.ve\/index.php\/wp-json\/wp\/v2\/media?parent=43140"}],"wp:term":[{"taxonomy":"category","embeddable":true,"href":"https:\/\/prensapresidencialvenezuela.gob.ve\/index.php\/wp-json\/wp\/v2\/categories?post=43140"},{"taxonomy":"post_tag","embeddable":true,"href":"https:\/\/prensapresidencialvenezuela.gob.ve\/index.php\/wp-json\/wp\/v2\/tags?post=43140"}],"curies":[{"name":"wp","href":"https:\/\/api.w.org\/{rel}","templated":true}]}}