{"id":43142,"date":"2026-03-13T19:59:18","date_gmt":"2026-03-13T23:59:18","guid":{"rendered":"https:\/\/prensapresidencialvenezuela.gob.ve\/?p=43142"},"modified":"2026-03-13T19:59:18","modified_gmt":"2026-03-13T23:59:18","slug":"relaciones-bilaterales-entre-colombia-y-venezuela-anuncian-nuevos-compromisos-y-proyectos-conjuntos","status":"publish","type":"post","link":"https:\/\/prensapresidencialvenezuela.gob.ve\/index.php\/2026\/03\/13\/relaciones-bilaterales-entre-colombia-y-venezuela-anuncian-nuevos-compromisos-y-proyectos-conjuntos\/","title":{"rendered":"Relaciones bilaterales entre Colombia y Venezuela anuncian nuevos compromisos y proyectos conjuntos"},"content":{"rendered":"\n<p><strong>Palacio de Miraflores, Caracas.- <\/strong>El canciller de la Rep\u00fablica Bolivariana de Venezuela, Yv\u00e1n Gil, luego del encuentro binacional entre Colombia y Venezuela, inform\u00f3 que se abordaron diversas tem\u00e1ticas que incluyen migraci\u00f3n, movilidad humana, relaciones pol\u00edticas, seguridad y defensa, as\u00ed como el desarrollo fronterizo y la lucha contra grupos irregulares y el tr\u00e1fico de drogas.<\/p>\n\n\n\n<p>Estas declaraciones fueron ofrecidas tras la culminaci\u00f3n de la reuni\u00f3n, donde tambi\u00e9n agradeci\u00f3 al gobierno de la Rep\u00fablica de Colombia, especialmente al presidente Gustavo Petro, por la importante delegaci\u00f3n que envi\u00f3 al pa\u00eds para dicha sesi\u00f3n.<\/p>\n\n\n\n<p>Sobre la jornada de trabajo, Gil destac\u00f3 la colaboraci\u00f3n en materia industrial, comercial y tur\u00edstica, as\u00ed como los proyectos energ\u00e9ticos conjuntos. En este contexto, el Canciller celebr\u00f3 la reciente donaci\u00f3n de gas butano que cruz\u00f3 el puente hacia el norte de Santander desde el estado T\u00e1chira, agregando que \u00abnos anima mucho todos los proyectos conjuntos en materia energ\u00e9tica y en materia de inversiones conjuntas\u00bb.<\/p>\n\n\n\n<p>El Canciller venezolano culmin\u00f3 sus palabras indicando que ambas naciones est\u00e1n \u00abtrabajando en funci\u00f3n de la verdadera uni\u00f3n, de esa uni\u00f3n que ha dicho el presidente Petro, del rescate, el esp\u00edritu de Colombia la grande, Colombia que naci\u00f3 en Angostura y luego en el Congreso de C\u00facuta y para nosotros, bueno, verdaderamente un honor\u00bb, precis\u00f3.<\/p>\n\n\n\n<p>De la misma manera, reafirm\u00f3 su gratitud hacia las delegaciones ambas naciones, quienes velan por el bienestar de sus pueblos, especialmente de los que habitan en la regi\u00f3n fronteriza. Se espera que estos esfuerzos conjuntos se traduzcan en beneficios tangibles para ambos pa\u00edses.<\/p>\n\n\n\n<p><strong>Prensa Presidencial\/ Claudia Guerra M\u00e9ndez<\/strong><\/p>\n","protected":false},"excerpt":{"rendered":"<p>Palacio de Miraflores, Caracas.- El canciller de la Rep\u00fablica Bolivariana de Venezuela, Yv\u00e1n Gil, luego del encuentro binacional entre Colombia y Venezuela, inform\u00f3 que se abordaron diversas tem\u00e1ticas que incluyen migraci\u00f3n, movilidad humana, relaciones pol\u00edticas, seguridad y defensa, as\u00ed como el desarrollo fronterizo y la lucha contra grupos irregulares y el tr\u00e1fico de drogas. Estas [&hellip;]<\/p>\n","protected":false},"author":18,"featured_media":43149,"comment_status":"open","ping_status":"open","sticky":false,"template":"","format":"standard","meta":{"footnotes":""},"categories":[18,7],"tags":[40,1891,20],"class_list":["post-43142","post","type-post","status-publish","format-standard","has-post-thumbnail","hentry","category-noticias-principales","category-notas-de-prensa","tag-colombia","tag-presidenta-encargada-delcy-rodriguez","tag-venezuela"],"_links":{"self":[{"href":"https:\/\/prensapresidencialvenezuela.gob.ve\/index.php\/wp-json\/wp\/v2\/posts\/43142","targetHints":{"allow":["GET"]}}],"collection":[{"href":"https:\/\/prensapresidencialvenezuela.gob.ve\/index.php\/wp-json\/wp\/v2\/posts"}],"about":[{"href":"https:\/\/prensapresidencialvenezuela.gob.ve\/index.php\/wp-json\/wp\/v2\/types\/post"}],"author":[{"embeddable":true,"href":"https:\/\/prensapresidencialvenezuela.gob.ve\/index.php\/wp-json\/wp\/v2\/users\/18"}],"replies":[{"embeddable":true,"href":"https:\/\/prensapresidencialvenezuela.gob.ve\/index.php\/wp-json\/wp\/v2\/comments?post=43142"}],"version-history":[{"count":1,"href":"https:\/\/prensapresidencialvenezuela.gob.ve\/index.php\/wp-json\/wp\/v2\/posts\/43142\/revisions"}],"predecessor-version":[{"id":43143,"href":"https:\/\/prensapresidencialvenezuela.gob.ve\/index.php\/wp-json\/wp\/v2\/posts\/43142\/revisions\/43143"}],"wp:featuredmedia":[{"embeddable":true,"href":"https:\/\/prensapresidencialvenezuela.gob.ve\/index.php\/wp-json\/wp\/v2\/media\/43149"}],"wp:attachment":[{"href":"https:\/\/prensapresidencialvenezuela.gob.ve\/index.php\/wp-json\/wp\/v2\/media?parent=43142"}],"wp:term":[{"taxonomy":"category","embeddable":true,"href":"https:\/\/prensapresidencialvenezuela.gob.ve\/index.php\/wp-json\/wp\/v2\/categories?post=43142"},{"taxonomy":"post_tag","embeddable":true,"href":"https:\/\/prensapresidencialvenezuela.gob.ve\/index.php\/wp-json\/wp\/v2\/tags?post=43142"}],"curies":[{"name":"wp","href":"https:\/\/api.w.org\/{rel}","templated":true}]}}