{"id":43144,"date":"2026-03-13T20:10:11","date_gmt":"2026-03-14T00:10:11","guid":{"rendered":"https:\/\/prensapresidencialvenezuela.gob.ve\/?p=43144"},"modified":"2026-03-13T20:18:18","modified_gmt":"2026-03-14T00:18:18","slug":"venezuela-y-colombia-iniciaron-conversaciones-para-reactivar-proyectos-de-infraestructura-energetica","status":"publish","type":"post","link":"https:\/\/prensapresidencialvenezuela.gob.ve\/index.php\/2026\/03\/13\/venezuela-y-colombia-iniciaron-conversaciones-para-reactivar-proyectos-de-infraestructura-energetica\/","title":{"rendered":"Venezuela y Colombia iniciaron conversaciones para reactivar proyectos de infraestructura energ\u00e9tica"},"content":{"rendered":"\n<p>Palacio de Miraflores, Caracas.- La presidenta (E) de la Rep\u00fablica Bolivariana de Venezuela, Delcy Rodr\u00edguez, inform\u00f3 que Caracas y Bogot\u00e1 iniciaron conversaciones para reactivar proyectos de infraestructuras energ\u00e9ticas, a lo fines de permitir la exportaci\u00f3n de gas y la importaci\u00f3n de energ\u00eda el\u00e9ctrica.<\/p>\n\n\n\n<p>Destac\u00f3 que esta cooperaci\u00f3n es fundamental para aprovechar las potencialidades de cada naci\u00f3n en beneficio de sus poblaciones. \u00abQue nuestros pa\u00edses puedan complementar sus grandes potencialidades. Y por eso tambi\u00e9n el \u00e1rea de la energ\u00eda es muy buena noticia\u00bb, manifest\u00f3.<\/p>\n\n\n\n<p>Detall\u00f3 que el plan de trabajo incluye la colaboraci\u00f3n directa entre las principales empresas estatales de hidrocarburos y petroqu\u00edmica de ambos pa\u00edses. \u00abEs muy buena noticia que nuestras empresas, tanto Ecopetrol como PDVSA, puedan avanzar en el \u00e1rea del petr\u00f3leo, en el \u00e1rea del gas y tambi\u00e9n en el \u00e1rea de la petroqu\u00edmica\u00bb, inform\u00f3 la mandataria (E).<\/p>\n\n\n\n<p>Finalmente, resalt\u00f3 el papel estrat\u00e9gico de la empresa Mon\u00f3meros para el sector agr\u00edcola colombiano. Asegur\u00f3 que el desarrollo de esta compa\u00f1\u00eda es vital para la producci\u00f3n de alimentos en Colombia y forma parte de los acuerdos energ\u00e9ticos actuales.<\/p>\n\n\n\n<p><strong>Prensa Presidencial \/ Iliana Rosales<\/strong><\/p>\n","protected":false},"excerpt":{"rendered":"<p>Palacio de Miraflores, Caracas.- La presidenta (E) de la Rep\u00fablica Bolivariana de Venezuela, Delcy Rodr\u00edguez, inform\u00f3 que Caracas y Bogot\u00e1 iniciaron conversaciones para reactivar proyectos de infraestructuras energ\u00e9ticas, a lo fines de permitir la exportaci\u00f3n de gas y la importaci\u00f3n de energ\u00eda el\u00e9ctrica. Destac\u00f3 que esta cooperaci\u00f3n es fundamental para aprovechar las potencialidades de cada [&hellip;]<\/p>\n","protected":false},"author":19,"featured_media":43148,"comment_status":"open","ping_status":"open","sticky":false,"template":"","format":"standard","meta":{"footnotes":""},"categories":[18,7],"tags":[122,20],"class_list":["post-43144","post","type-post","status-publish","format-standard","has-post-thumbnail","hentry","category-noticias-principales","category-notas-de-prensa","tag-delcy-rodriguez","tag-venezuela"],"_links":{"self":[{"href":"https:\/\/prensapresidencialvenezuela.gob.ve\/index.php\/wp-json\/wp\/v2\/posts\/43144","targetHints":{"allow":["GET"]}}],"collection":[{"href":"https:\/\/prensapresidencialvenezuela.gob.ve\/index.php\/wp-json\/wp\/v2\/posts"}],"about":[{"href":"https:\/\/prensapresidencialvenezuela.gob.ve\/index.php\/wp-json\/wp\/v2\/types\/post"}],"author":[{"embeddable":true,"href":"https:\/\/prensapresidencialvenezuela.gob.ve\/index.php\/wp-json\/wp\/v2\/users\/19"}],"replies":[{"embeddable":true,"href":"https:\/\/prensapresidencialvenezuela.gob.ve\/index.php\/wp-json\/wp\/v2\/comments?post=43144"}],"version-history":[{"count":2,"href":"https:\/\/prensapresidencialvenezuela.gob.ve\/index.php\/wp-json\/wp\/v2\/posts\/43144\/revisions"}],"predecessor-version":[{"id":43165,"href":"https:\/\/prensapresidencialvenezuela.gob.ve\/index.php\/wp-json\/wp\/v2\/posts\/43144\/revisions\/43165"}],"wp:featuredmedia":[{"embeddable":true,"href":"https:\/\/prensapresidencialvenezuela.gob.ve\/index.php\/wp-json\/wp\/v2\/media\/43148"}],"wp:attachment":[{"href":"https:\/\/prensapresidencialvenezuela.gob.ve\/index.php\/wp-json\/wp\/v2\/media?parent=43144"}],"wp:term":[{"taxonomy":"category","embeddable":true,"href":"https:\/\/prensapresidencialvenezuela.gob.ve\/index.php\/wp-json\/wp\/v2\/categories?post=43144"},{"taxonomy":"post_tag","embeddable":true,"href":"https:\/\/prensapresidencialvenezuela.gob.ve\/index.php\/wp-json\/wp\/v2\/tags?post=43144"}],"curies":[{"name":"wp","href":"https:\/\/api.w.org\/{rel}","templated":true}]}}