{"id":43151,"date":"2026-03-13T19:35:33","date_gmt":"2026-03-13T23:35:33","guid":{"rendered":"https:\/\/prensapresidencialvenezuela.gob.ve\/?p=43151"},"modified":"2026-03-13T19:35:33","modified_gmt":"2026-03-13T23:35:33","slug":"venezuela-propone-retomar-el-concepto-de-unasur-para-la-gestion-migratoria-con-colombia","status":"publish","type":"post","link":"https:\/\/prensapresidencialvenezuela.gob.ve\/index.php\/2026\/03\/13\/venezuela-propone-retomar-el-concepto-de-unasur-para-la-gestion-migratoria-con-colombia\/","title":{"rendered":"Venezuela propone retomar el concepto de UNASUR para la gesti\u00f3n migratoria con Colombia"},"content":{"rendered":"\n<p>Palacio de Miraflores, Caracas.- La presidenta Encargada de la Rep\u00fablica Bolivariana de Venezuela, Delcy Rodr\u00edguez, propuso retomar el concepto de \u00abciudadan\u00eda suramericana\u00bb para tratar el tema migratorio entre Venezuela y Colombia.<\/p>\n\n\n\n<p>Durante un encuentro binacional celebrado en el Palacio de Miraflores, en Caracas, plante\u00f3 que las personas que se desplacen entre ambos pa\u00edses deben ser tratadas como ciudadanos con derechos plenos y no simplemente como migrantes.<\/p>\n\n\n\n<p>\u00abEn UNASUR hablamos de la ciudadan\u00eda suramericana, los migrantes de uno u otro de nuestros pa\u00edses no deben ser considerados migrantes, sino ciudadanos, con pleno respeto a sus derechos\u00bb, declar\u00f3.<\/p>\n\n\n\n<p>Record\u00f3 que hist\u00f3ricamente Venezuela ha recibido a millones de colombianos, integr\u00e1ndolos a la vida nacional sin distinciones.<\/p>\n\n\n\n<p>En el \u00e1rea de turismo, anunci\u00f3 un plan para crear rutas de multidestino que permiten atraer turistas extranjeros, principalmente de Asia, para que visiten ambos pa\u00edses en un solo viaje. La meta es promover los paisajes naturales de la regi\u00f3n de forma conjunta.<\/p>\n\n\n\n<p>Para formalizar estos avances en convivencia y turismo, se confirm\u00f3 la reuni\u00f3n de la Comisi\u00f3n Binacional de Buena Vecindad para finales de abril en la ciudad de Maracaibo. El evento servir\u00e1 para consolidar la agenda social y de integraci\u00f3n.<\/p>\n\n\n\n<p><strong>Prensa Presidencial \/ Iliana Rosales<\/strong><\/p>\n","protected":false},"excerpt":{"rendered":"<p>Palacio de Miraflores, Caracas.- La presidenta Encargada de la Rep\u00fablica Bolivariana de Venezuela, Delcy Rodr\u00edguez, propuso retomar el concepto de \u00abciudadan\u00eda suramericana\u00bb para tratar el tema migratorio entre Venezuela y Colombia. Durante un encuentro binacional celebrado en el Palacio de Miraflores, en Caracas, plante\u00f3 que las personas que se desplacen entre ambos pa\u00edses deben ser [&hellip;]<\/p>\n","protected":false},"author":19,"featured_media":43152,"comment_status":"open","ping_status":"open","sticky":false,"template":"","format":"standard","meta":{"footnotes":""},"categories":[18,7],"tags":[122,20],"class_list":["post-43151","post","type-post","status-publish","format-standard","has-post-thumbnail","hentry","category-noticias-principales","category-notas-de-prensa","tag-delcy-rodriguez","tag-venezuela"],"_links":{"self":[{"href":"https:\/\/prensapresidencialvenezuela.gob.ve\/index.php\/wp-json\/wp\/v2\/posts\/43151","targetHints":{"allow":["GET"]}}],"collection":[{"href":"https:\/\/prensapresidencialvenezuela.gob.ve\/index.php\/wp-json\/wp\/v2\/posts"}],"about":[{"href":"https:\/\/prensapresidencialvenezuela.gob.ve\/index.php\/wp-json\/wp\/v2\/types\/post"}],"author":[{"embeddable":true,"href":"https:\/\/prensapresidencialvenezuela.gob.ve\/index.php\/wp-json\/wp\/v2\/users\/19"}],"replies":[{"embeddable":true,"href":"https:\/\/prensapresidencialvenezuela.gob.ve\/index.php\/wp-json\/wp\/v2\/comments?post=43151"}],"version-history":[{"count":1,"href":"https:\/\/prensapresidencialvenezuela.gob.ve\/index.php\/wp-json\/wp\/v2\/posts\/43151\/revisions"}],"predecessor-version":[{"id":43153,"href":"https:\/\/prensapresidencialvenezuela.gob.ve\/index.php\/wp-json\/wp\/v2\/posts\/43151\/revisions\/43153"}],"wp:featuredmedia":[{"embeddable":true,"href":"https:\/\/prensapresidencialvenezuela.gob.ve\/index.php\/wp-json\/wp\/v2\/media\/43152"}],"wp:attachment":[{"href":"https:\/\/prensapresidencialvenezuela.gob.ve\/index.php\/wp-json\/wp\/v2\/media?parent=43151"}],"wp:term":[{"taxonomy":"category","embeddable":true,"href":"https:\/\/prensapresidencialvenezuela.gob.ve\/index.php\/wp-json\/wp\/v2\/categories?post=43151"},{"taxonomy":"post_tag","embeddable":true,"href":"https:\/\/prensapresidencialvenezuela.gob.ve\/index.php\/wp-json\/wp\/v2\/tags?post=43151"}],"curies":[{"name":"wp","href":"https:\/\/api.w.org\/{rel}","templated":true}]}}