{"id":43155,"date":"2026-03-13T19:39:43","date_gmt":"2026-03-13T23:39:43","guid":{"rendered":"https:\/\/prensapresidencialvenezuela.gob.ve\/?p=43155"},"modified":"2026-03-13T19:42:56","modified_gmt":"2026-03-13T23:42:56","slug":"venezuela-inicia-despacho-de-gas-butano-hacia-colombia-por-el-puente-simon-bolivar","status":"publish","type":"post","link":"https:\/\/prensapresidencialvenezuela.gob.ve\/index.php\/2026\/03\/13\/venezuela-inicia-despacho-de-gas-butano-hacia-colombia-por-el-puente-simon-bolivar\/","title":{"rendered":"Venezuela inicia despacho de gas butano hacia Colombia por el Puente Sim\u00f3n Bol\u00edvar"},"content":{"rendered":"\n<p>San Antonio, T\u00e1chira.- Este viernes, Venezuela comenz\u00f3 el despliegue de las primeras unidades de PDVSA Gas Comunal que transportan gas butano hacia Colombia.<\/p>\n\n\n\n<p>La actividad se realiz\u00f3 en el Puente Binacional Sim\u00f3n Bol\u00edvar, ubicado en San Antonio del T\u00e1chira, en un pase satelital directo con la presidenta Encargada, Delcy Rodr\u00edguez, marcando el inicio de una nueva etapa en la cooperaci\u00f3n energ\u00e9tica y comercial entre ambos pa\u00edses.<\/p>\n\n\n\n<figure class=\"wp-block-image size-large\"><img fetchpriority=\"high\" decoding=\"async\" width=\"1024\" height=\"683\" src=\"https:\/\/prensapresidencialvenezuela.gob.ve\/wp-content\/uploads\/2026\/03\/05MG__1152_P-1024x683.jpg\" alt=\"\" class=\"wp-image-43158\" srcset=\"https:\/\/prensapresidencialvenezuela.gob.ve\/wp-content\/uploads\/2026\/03\/05MG__1152_P-1024x683.jpg 1024w, https:\/\/prensapresidencialvenezuela.gob.ve\/wp-content\/uploads\/2026\/03\/05MG__1152_P-300x200.jpg 300w, https:\/\/prensapresidencialvenezuela.gob.ve\/wp-content\/uploads\/2026\/03\/05MG__1152_P-768x512.jpg 768w, https:\/\/prensapresidencialvenezuela.gob.ve\/wp-content\/uploads\/2026\/03\/05MG__1152_P-1536x1025.jpg 1536w, https:\/\/prensapresidencialvenezuela.gob.ve\/wp-content\/uploads\/2026\/03\/05MG__1152_P-2048x1366.jpg 2048w\" sizes=\"(max-width: 1024px) 100vw, 1024px\" \/><\/figure>\n\n\n\n<p>El presidente de PDVSA Gas Comunal, Julio Enrique Rojas, inform\u00f3 que este movimiento busca fortalecer la econom\u00eda y la estabilidad en la regi\u00f3n binacional.<\/p>\n\n\n\n<p>\u00abEs de esta manera, ciudadana presidenta Encargada, que se consolida un punto importante de lo que es la pol\u00edtica energ\u00e9tica venezolana y lo que significa el ejercicio profundo, el ejercicio concreto de una pol\u00edtica soberana\u00bb, dijo.<\/p>\n\n\n\n<figure class=\"wp-block-image size-large\"><img decoding=\"async\" width=\"683\" height=\"1024\" src=\"https:\/\/prensapresidencialvenezuela.gob.ve\/wp-content\/uploads\/2026\/03\/11MG__1242_P-683x1024.jpg\" alt=\"\" class=\"wp-image-43159\" srcset=\"https:\/\/prensapresidencialvenezuela.gob.ve\/wp-content\/uploads\/2026\/03\/11MG__1242_P-683x1024.jpg 683w, https:\/\/prensapresidencialvenezuela.gob.ve\/wp-content\/uploads\/2026\/03\/11MG__1242_P-200x300.jpg 200w, https:\/\/prensapresidencialvenezuela.gob.ve\/wp-content\/uploads\/2026\/03\/11MG__1242_P-768x1151.jpg 768w, https:\/\/prensapresidencialvenezuela.gob.ve\/wp-content\/uploads\/2026\/03\/11MG__1242_P-1025x1536.jpg 1025w, https:\/\/prensapresidencialvenezuela.gob.ve\/wp-content\/uploads\/2026\/03\/11MG__1242_P-1366x2048.jpg 1366w, https:\/\/prensapresidencialvenezuela.gob.ve\/wp-content\/uploads\/2026\/03\/11MG__1242_P-scaled.jpg 1708w\" sizes=\"(max-width: 683px) 100vw, 683px\" \/><\/figure>\n\n\n\n<p>\u00abEs el primer paso por el puente Sim\u00f3n Bol\u00edvar de cisternas de GLP, de gas butano que va para Colombia\u00bb, inform\u00f3 la Presidenta Encargada durante la transmisi\u00f3n del evento.<\/p>\n\n\n\n<p>Al respecto, calific\u00f3 que esta acci\u00f3n es un s\u00edmbolo de la voluntad de trabajo conjunto entre las dos naciones.<\/p>\n\n\n\n<p><\/p>\n\n\n\n<p><strong>Prensa Presidencial \/ Iliana Rosales<\/strong><\/p>\n","protected":false},"excerpt":{"rendered":"<p>San Antonio, T\u00e1chira.- Este viernes, Venezuela comenz\u00f3 el despliegue de las primeras unidades de PDVSA Gas Comunal que transportan gas butano hacia Colombia. La actividad se realiz\u00f3 en el Puente Binacional Sim\u00f3n Bol\u00edvar, ubicado en San Antonio del T\u00e1chira, en un pase satelital directo con la presidenta Encargada, Delcy Rodr\u00edguez, marcando el inicio de una [&hellip;]<\/p>\n","protected":false},"author":19,"featured_media":43157,"comment_status":"open","ping_status":"open","sticky":false,"template":"","format":"standard","meta":{"footnotes":""},"categories":[18,7],"tags":[122,20],"class_list":["post-43155","post","type-post","status-publish","format-standard","has-post-thumbnail","hentry","category-noticias-principales","category-notas-de-prensa","tag-delcy-rodriguez","tag-venezuela"],"_links":{"self":[{"href":"https:\/\/prensapresidencialvenezuela.gob.ve\/index.php\/wp-json\/wp\/v2\/posts\/43155","targetHints":{"allow":["GET"]}}],"collection":[{"href":"https:\/\/prensapresidencialvenezuela.gob.ve\/index.php\/wp-json\/wp\/v2\/posts"}],"about":[{"href":"https:\/\/prensapresidencialvenezuela.gob.ve\/index.php\/wp-json\/wp\/v2\/types\/post"}],"author":[{"embeddable":true,"href":"https:\/\/prensapresidencialvenezuela.gob.ve\/index.php\/wp-json\/wp\/v2\/users\/19"}],"replies":[{"embeddable":true,"href":"https:\/\/prensapresidencialvenezuela.gob.ve\/index.php\/wp-json\/wp\/v2\/comments?post=43155"}],"version-history":[{"count":2,"href":"https:\/\/prensapresidencialvenezuela.gob.ve\/index.php\/wp-json\/wp\/v2\/posts\/43155\/revisions"}],"predecessor-version":[{"id":43164,"href":"https:\/\/prensapresidencialvenezuela.gob.ve\/index.php\/wp-json\/wp\/v2\/posts\/43155\/revisions\/43164"}],"wp:featuredmedia":[{"embeddable":true,"href":"https:\/\/prensapresidencialvenezuela.gob.ve\/index.php\/wp-json\/wp\/v2\/media\/43157"}],"wp:attachment":[{"href":"https:\/\/prensapresidencialvenezuela.gob.ve\/index.php\/wp-json\/wp\/v2\/media?parent=43155"}],"wp:term":[{"taxonomy":"category","embeddable":true,"href":"https:\/\/prensapresidencialvenezuela.gob.ve\/index.php\/wp-json\/wp\/v2\/categories?post=43155"},{"taxonomy":"post_tag","embeddable":true,"href":"https:\/\/prensapresidencialvenezuela.gob.ve\/index.php\/wp-json\/wp\/v2\/tags?post=43155"}],"curies":[{"name":"wp","href":"https:\/\/api.w.org\/{rel}","templated":true}]}}