{"id":43166,"date":"2026-03-13T19:53:35","date_gmt":"2026-03-13T23:53:35","guid":{"rendered":"https:\/\/prensapresidencialvenezuela.gob.ve\/?p=43166"},"modified":"2026-03-13T19:58:18","modified_gmt":"2026-03-13T23:58:18","slug":"proyectan-exportacion-de-gas-metano-a-colombia-a-traves-del-gasoducto-antonio-ricaurte","status":"publish","type":"post","link":"https:\/\/prensapresidencialvenezuela.gob.ve\/index.php\/2026\/03\/13\/proyectan-exportacion-de-gas-metano-a-colombia-a-traves-del-gasoducto-antonio-ricaurte\/","title":{"rendered":"Proyectan exportaci\u00f3n de gas metano a Colombia a trav\u00e9s del gasoducto Antonio Ricaurte"},"content":{"rendered":"\n<p>Palacio de Miraflores, Caracas.- La presidenta de la Rep\u00fablica Bolivariana de Venezuela, Delcy Rodr\u00edguez, anunci\u00f3 que en los pr\u00f3ximos meses comenzar\u00e1 la exportaci\u00f3n de gas metano hacia Colombia utilizando el Gasoducto Transcaribe\u00f1o Antonio Ricaurte.<\/p>\n\n\n\n<p>El plan consiste en reactivar dicha infraestructura para establecer una conexi\u00f3n energ\u00e9tica directa entre los dos pa\u00edses. \u00abPodamos tambi\u00e9n exportar el gas metano por tuber\u00eda. Que sea el gasoducto Ricaurte que nuevamente tenga vida para interconectar gas\u00edferamente a Venezuela y a Colombia\u00bb, detall\u00f3.<\/p>\n\n\n\n<p>Al respecto, mencion\u00f3 que la reactivaci\u00f3n de esta v\u00eda de transporte de gas es un motivo de satisfacci\u00f3n para los habitantes de ambos lados de la frontera. Detall\u00f3 que el proyecto t\u00e9cnico ya se encuentra en marcha y se espera que rinda resultados en un corto periodo de tiempo.<\/p>\n\n\n\n<p>Este avance energ\u00e9tico es parte de un compromiso mayor para defender la soberan\u00eda territorial, que honra el legado de los libertadores de la regi\u00f3n. \u00abTodo el esfuerzo que estamos haciendo es para honrar a nuestro padre libertador, Sim\u00f3n Bol\u00edvar\u2026 para honrar y defender nuestra integridad y nuestra soberan\u00eda\u00bb, sostuvo la mandataria.<\/p>\n\n\n\n<p><strong>Prensa Presidencial \/ Iliana Rosales<\/strong><\/p>\n","protected":false},"excerpt":{"rendered":"<p>Palacio de Miraflores, Caracas.- La presidenta de la Rep\u00fablica Bolivariana de Venezuela, Delcy Rodr\u00edguez, anunci\u00f3 que en los pr\u00f3ximos meses comenzar\u00e1 la exportaci\u00f3n de gas metano hacia Colombia utilizando el Gasoducto Transcaribe\u00f1o Antonio Ricaurte. El plan consiste en reactivar dicha infraestructura para establecer una conexi\u00f3n energ\u00e9tica directa entre los dos pa\u00edses. \u00abPodamos tambi\u00e9n exportar el [&hellip;]<\/p>\n","protected":false},"author":19,"featured_media":43174,"comment_status":"open","ping_status":"open","sticky":false,"template":"","format":"standard","meta":{"footnotes":""},"categories":[18,7],"tags":[19,20],"class_list":["post-43166","post","type-post","status-publish","format-standard","has-post-thumbnail","hentry","category-noticias-principales","category-notas-de-prensa","tag-nicolas-maduro","tag-venezuela"],"_links":{"self":[{"href":"https:\/\/prensapresidencialvenezuela.gob.ve\/index.php\/wp-json\/wp\/v2\/posts\/43166","targetHints":{"allow":["GET"]}}],"collection":[{"href":"https:\/\/prensapresidencialvenezuela.gob.ve\/index.php\/wp-json\/wp\/v2\/posts"}],"about":[{"href":"https:\/\/prensapresidencialvenezuela.gob.ve\/index.php\/wp-json\/wp\/v2\/types\/post"}],"author":[{"embeddable":true,"href":"https:\/\/prensapresidencialvenezuela.gob.ve\/index.php\/wp-json\/wp\/v2\/users\/19"}],"replies":[{"embeddable":true,"href":"https:\/\/prensapresidencialvenezuela.gob.ve\/index.php\/wp-json\/wp\/v2\/comments?post=43166"}],"version-history":[{"count":1,"href":"https:\/\/prensapresidencialvenezuela.gob.ve\/index.php\/wp-json\/wp\/v2\/posts\/43166\/revisions"}],"predecessor-version":[{"id":43168,"href":"https:\/\/prensapresidencialvenezuela.gob.ve\/index.php\/wp-json\/wp\/v2\/posts\/43166\/revisions\/43168"}],"wp:featuredmedia":[{"embeddable":true,"href":"https:\/\/prensapresidencialvenezuela.gob.ve\/index.php\/wp-json\/wp\/v2\/media\/43174"}],"wp:attachment":[{"href":"https:\/\/prensapresidencialvenezuela.gob.ve\/index.php\/wp-json\/wp\/v2\/media?parent=43166"}],"wp:term":[{"taxonomy":"category","embeddable":true,"href":"https:\/\/prensapresidencialvenezuela.gob.ve\/index.php\/wp-json\/wp\/v2\/categories?post=43166"},{"taxonomy":"post_tag","embeddable":true,"href":"https:\/\/prensapresidencialvenezuela.gob.ve\/index.php\/wp-json\/wp\/v2\/tags?post=43166"}],"curies":[{"name":"wp","href":"https:\/\/api.w.org\/{rel}","templated":true}]}}