{"id":43182,"date":"2026-03-14T18:08:04","date_gmt":"2026-03-14T22:08:04","guid":{"rendered":"https:\/\/prensapresidencialvenezuela.gob.ve\/?p=43182"},"modified":"2026-03-14T20:29:43","modified_gmt":"2026-03-15T00:29:43","slug":"presidenta-e-delcy-rodriguez-celebra-dia-de-la-alimentacion-y-dia-del-pescador-artesanal-en-venezuela","status":"publish","type":"post","link":"https:\/\/prensapresidencialvenezuela.gob.ve\/index.php\/2026\/03\/14\/presidenta-e-delcy-rodriguez-celebra-dia-de-la-alimentacion-y-dia-del-pescador-artesanal-en-venezuela\/","title":{"rendered":"Presidenta (E) Delcy Rodr\u00edguez celebra D\u00eda de la Alimentaci\u00f3n y D\u00eda del Pescador Artesanal en Venezuela"},"content":{"rendered":"\n<p><strong>Estado Falc\u00f3n, Venezuela. &#8211; <\/strong>Este s\u00e1bado, en el marco de la Agenda Econ\u00f3mica Bolivariana y el fortalecimiento de la Primera Transformaci\u00f3n (1T) del Plan de Patria, la presidenta Encargada de la Rep\u00fablica Bolivariana de Venezuela, Delcy Rodr\u00edguez, celebra el D\u00eda del Pescador y Acuicultor Artesanal.<\/p>\n\n\n\n<p>Es importante destacar que esta fecha, establecida en 2010 por el comandante Hugo Ch\u00e1vez, marc\u00f3 un hito hist\u00f3rico de la prohibici\u00f3n de la pesca de arrastre, permitiendo la recuperaci\u00f3n del suelo marino y el retorno de especies a las costas venezolanas.<\/p>\n\n\n\n<p>En este contexto, esta jornada realza el papel estrat\u00e9gico de la Econom\u00eda Azul como pilar no petrolero para la generaci\u00f3n de riquezas, y, adem\u00e1s, forma parte de los pilares para garantizar la soberan\u00eda alimentaria de la Naci\u00f3n.<\/p>\n\n\n\n<p>Por otra parte, este hecho destaca la contribuci\u00f3n de los pescadores y pescadoras del pa\u00eds, y de la regi\u00f3n falconiana, ya que mediante la pesca artesanal realizan un gran aporte a la protecci\u00f3n de los ecosistemas marinos. Asimismo, funciona como una vitrina para la comercializaci\u00f3n directa de productos del mar, beneficiando a pescadores locales.<\/p>\n\n\n\n<p>Durante la actividad, la Mandataria Encargada est\u00e1 acompa\u00f1ada por el ministro del Poder Popular de Pesca y Acuicultura, Juan Carlos Loyo, el MG Carlos Leal Teller\u00eda, ministro del Poder Popular para la Alimentaci\u00f3n; Freddy \u00d1a\u00f1ez, ministro del Poder Popular para el Ecosocialismo, V\u00edctor Clark, gobernador del Estado Falc\u00f3n, entre otras autoridades.<\/p>\n\n\n\n<p>Asimismo, fue recibida por una representaci\u00f3n de los m\u00e1s de 130 mil pescadores y pescadoras agrupados en los mil 562 Consejos del Poder Popular de Pescadores y Pescadoras, Acuicultores y Acuicultoras (CONPPA) de todo el pa\u00eds.<\/p>\n\n\n\n<p><strong>Prensa Presidencial\/ Irmary D\u00edaz<\/strong><\/p>\n","protected":false},"excerpt":{"rendered":"<p>Estado Falc\u00f3n, Venezuela. &#8211; Este s\u00e1bado, en el marco de la Agenda Econ\u00f3mica Bolivariana y el fortalecimiento de la Primera Transformaci\u00f3n (1T) del Plan de Patria, la presidenta Encargada de la Rep\u00fablica Bolivariana de Venezuela, Delcy Rodr\u00edguez, celebra el D\u00eda del Pescador y Acuicultor Artesanal. Es importante destacar que esta fecha, establecida en 2010 por [&hellip;]<\/p>\n","protected":false},"author":15,"featured_media":43183,"comment_status":"open","ping_status":"open","sticky":false,"template":"","format":"standard","meta":{"footnotes":""},"categories":[18,7],"tags":[],"class_list":["post-43182","post","type-post","status-publish","format-standard","has-post-thumbnail","hentry","category-noticias-principales","category-notas-de-prensa"],"_links":{"self":[{"href":"https:\/\/prensapresidencialvenezuela.gob.ve\/index.php\/wp-json\/wp\/v2\/posts\/43182","targetHints":{"allow":["GET"]}}],"collection":[{"href":"https:\/\/prensapresidencialvenezuela.gob.ve\/index.php\/wp-json\/wp\/v2\/posts"}],"about":[{"href":"https:\/\/prensapresidencialvenezuela.gob.ve\/index.php\/wp-json\/wp\/v2\/types\/post"}],"author":[{"embeddable":true,"href":"https:\/\/prensapresidencialvenezuela.gob.ve\/index.php\/wp-json\/wp\/v2\/users\/15"}],"replies":[{"embeddable":true,"href":"https:\/\/prensapresidencialvenezuela.gob.ve\/index.php\/wp-json\/wp\/v2\/comments?post=43182"}],"version-history":[{"count":1,"href":"https:\/\/prensapresidencialvenezuela.gob.ve\/index.php\/wp-json\/wp\/v2\/posts\/43182\/revisions"}],"predecessor-version":[{"id":43184,"href":"https:\/\/prensapresidencialvenezuela.gob.ve\/index.php\/wp-json\/wp\/v2\/posts\/43182\/revisions\/43184"}],"wp:featuredmedia":[{"embeddable":true,"href":"https:\/\/prensapresidencialvenezuela.gob.ve\/index.php\/wp-json\/wp\/v2\/media\/43183"}],"wp:attachment":[{"href":"https:\/\/prensapresidencialvenezuela.gob.ve\/index.php\/wp-json\/wp\/v2\/media?parent=43182"}],"wp:term":[{"taxonomy":"category","embeddable":true,"href":"https:\/\/prensapresidencialvenezuela.gob.ve\/index.php\/wp-json\/wp\/v2\/categories?post=43182"},{"taxonomy":"post_tag","embeddable":true,"href":"https:\/\/prensapresidencialvenezuela.gob.ve\/index.php\/wp-json\/wp\/v2\/tags?post=43182"}],"curies":[{"name":"wp","href":"https:\/\/api.w.org\/{rel}","templated":true}]}}