{"id":43189,"date":"2026-03-14T20:56:11","date_gmt":"2026-03-15T00:56:11","guid":{"rendered":"https:\/\/prensapresidencialvenezuela.gob.ve\/?p=43189"},"modified":"2026-03-14T20:56:12","modified_gmt":"2026-03-15T00:56:12","slug":"venezuela-se-posiciona-como-uno-de-los-paises-de-la-region-con-menor-deficit-nutricional","status":"publish","type":"post","link":"https:\/\/prensapresidencialvenezuela.gob.ve\/index.php\/2026\/03\/14\/venezuela-se-posiciona-como-uno-de-los-paises-de-la-region-con-menor-deficit-nutricional\/","title":{"rendered":"Venezuela se posiciona como uno de los pa\u00edses de la regi\u00f3n con menor d\u00e9ficit nutricional"},"content":{"rendered":"\n<p><strong>Carirubana, estado Falc\u00f3n.-<\/strong> Durante un acto por el D\u00eda de la Alimentaci\u00f3n, la presidenta Encargada de la Rep\u00fablica Bolivariana de Venezuela, Delcy Rodr\u00edguez, inform\u00f3 que al cierre del a\u00f1o 2025 el \u00edndice de desnutrici\u00f3n en el pa\u00eds fue de 3% y la meta para este a\u00f1o es que sea del 2%, \u00abpasando a ser uno de los pa\u00edses de la regi\u00f3n con menor d\u00e9ficit nutricional\u00bb.<\/p>\n\n\n\n<p>Ante pescadores y pescadoras artesanales, que tambi\u00e9n celebraron su d\u00eda, la Mandataria Nacional Encargada explic\u00f3 que en el a\u00f1o 2017 la vulnerabilidad nutricional se ubicaba en 37.5% en desnutrici\u00f3n y gracias a las pol\u00edticas del Estado se logr\u00f3 reducir este n\u00famero a un solo d\u00edgito.<\/p>\n\n\n\n<p>\u00abQue nosotros hoy, un pa\u00eds bloqueado, podamos mostrar esos n\u00fameros, nos deben hacer sentir orgullosos, que podamos decir pleno abastecimiento, reducir notablemente el d\u00e9ficit nutricional\u00bb, manifest\u00f3 Rodr\u00edguez.<\/p>\n\n\n\n<p>Con esta meta para el a\u00f1o 2026, Venezuela se posiciona como uno de los pa\u00edses de la regi\u00f3n con menor d\u00e9ficit nutricional, un logro que no solo se mide en cifras, sino en el compromiso diario de los campesinos, pescadores, productores, empresarios e industrias.<\/p>\n\n\n\n<p><strong>Prensa Presidencial\/ Claudia Guerra M\u00e9ndez<\/strong><\/p>\n","protected":false},"excerpt":{"rendered":"<p>Carirubana, estado Falc\u00f3n.- Durante un acto por el D\u00eda de la Alimentaci\u00f3n, la presidenta Encargada de la Rep\u00fablica Bolivariana de Venezuela, Delcy Rodr\u00edguez, inform\u00f3 que al cierre del a\u00f1o 2025 el \u00edndice de desnutrici\u00f3n en el pa\u00eds fue de 3% y la meta para este a\u00f1o es que sea del 2%, \u00abpasando a ser uno [&hellip;]<\/p>\n","protected":false},"author":18,"featured_media":43204,"comment_status":"open","ping_status":"open","sticky":false,"template":"","format":"standard","meta":{"footnotes":""},"categories":[18,7],"tags":[1941,1942,1891,20],"class_list":["post-43189","post","type-post","status-publish","format-standard","has-post-thumbnail","hentry","category-noticias-principales","category-notas-de-prensa","tag-dia-de-la-alimentacion","tag-dia-del-pescador-y-pescadora","tag-presidenta-encargada-delcy-rodriguez","tag-venezuela"],"_links":{"self":[{"href":"https:\/\/prensapresidencialvenezuela.gob.ve\/index.php\/wp-json\/wp\/v2\/posts\/43189","targetHints":{"allow":["GET"]}}],"collection":[{"href":"https:\/\/prensapresidencialvenezuela.gob.ve\/index.php\/wp-json\/wp\/v2\/posts"}],"about":[{"href":"https:\/\/prensapresidencialvenezuela.gob.ve\/index.php\/wp-json\/wp\/v2\/types\/post"}],"author":[{"embeddable":true,"href":"https:\/\/prensapresidencialvenezuela.gob.ve\/index.php\/wp-json\/wp\/v2\/users\/18"}],"replies":[{"embeddable":true,"href":"https:\/\/prensapresidencialvenezuela.gob.ve\/index.php\/wp-json\/wp\/v2\/comments?post=43189"}],"version-history":[{"count":1,"href":"https:\/\/prensapresidencialvenezuela.gob.ve\/index.php\/wp-json\/wp\/v2\/posts\/43189\/revisions"}],"predecessor-version":[{"id":43191,"href":"https:\/\/prensapresidencialvenezuela.gob.ve\/index.php\/wp-json\/wp\/v2\/posts\/43189\/revisions\/43191"}],"wp:featuredmedia":[{"embeddable":true,"href":"https:\/\/prensapresidencialvenezuela.gob.ve\/index.php\/wp-json\/wp\/v2\/media\/43204"}],"wp:attachment":[{"href":"https:\/\/prensapresidencialvenezuela.gob.ve\/index.php\/wp-json\/wp\/v2\/media?parent=43189"}],"wp:term":[{"taxonomy":"category","embeddable":true,"href":"https:\/\/prensapresidencialvenezuela.gob.ve\/index.php\/wp-json\/wp\/v2\/categories?post=43189"},{"taxonomy":"post_tag","embeddable":true,"href":"https:\/\/prensapresidencialvenezuela.gob.ve\/index.php\/wp-json\/wp\/v2\/tags?post=43189"}],"curies":[{"name":"wp","href":"https:\/\/api.w.org\/{rel}","templated":true}]}}