{"id":43193,"date":"2026-03-14T18:28:11","date_gmt":"2026-03-14T22:28:11","guid":{"rendered":"https:\/\/prensapresidencialvenezuela.gob.ve\/?p=43193"},"modified":"2026-03-14T20:32:55","modified_gmt":"2026-03-15T00:32:55","slug":"presidenta-e-delcy-rodriguez-nuestro-objetivo-es-que-ni-un-nino-ni-una-nina-tengan-deficit-nutricional-en-venezuela","status":"publish","type":"post","link":"https:\/\/prensapresidencialvenezuela.gob.ve\/index.php\/2026\/03\/14\/presidenta-e-delcy-rodriguez-nuestro-objetivo-es-que-ni-un-nino-ni-una-nina-tengan-deficit-nutricional-en-venezuela\/","title":{"rendered":"Presidenta (E) Delcy Rodr\u00edguez: \u00abNuestro objetivo es que ni un ni\u00f1o ni una ni\u00f1a tengan d\u00e9ficit nutricional en Venezuela\u00bb"},"content":{"rendered":"\n<p><strong>Carirubana, estado Falc\u00f3n.-<\/strong> El esfuerzo conjunto entre todos los niveles del Gobierno Nacional y el pueblo trabajador de Venezuela, bajo pol\u00edticas coherentes, permitir\u00e1n que Venezuela alcance una nueva meta en el cuidado y desarrollo de la poblaci\u00f3n infantil, as\u00ed lo dio a conocer la presidenta Encargada de la Rep\u00fablica Bolivariana de Venezuela, Delcy Rodr\u00edguez.<\/p>\n\n\n\n<p>\u00abNuestro objetivo es que ni un ni\u00f1o ni una ni\u00f1a tengan d\u00e9ficit nutricional en Venezuela, para eso deben estar dirigidos los esfuerzos del Gobierno Nacional, regional y local; junto al pueblo, junto a ustedes\u00bb, resalt\u00f3 la Mandataria Encargada.<\/p>\n\n\n\n<p>Estas declaraciones fueron ofrecidas en el marco de la celebraci\u00f3n del D\u00eda de la Alimentaci\u00f3n y del Pescador y las Pescadoras Artesanales, en un acto realizado en Carirubana, estado Falc\u00f3n.<\/p>\n\n\n\n<figure class=\"wp-block-image size-large\"><img fetchpriority=\"high\" decoding=\"async\" width=\"1024\" height=\"683\" src=\"https:\/\/prensapresidencialvenezuela.gob.ve\/wp-content\/uploads\/2026\/03\/01_JZ_L9196_P-1024x683.jpg\" alt=\"\" class=\"wp-image-43190\" srcset=\"https:\/\/prensapresidencialvenezuela.gob.ve\/wp-content\/uploads\/2026\/03\/01_JZ_L9196_P-1024x683.jpg 1024w, https:\/\/prensapresidencialvenezuela.gob.ve\/wp-content\/uploads\/2026\/03\/01_JZ_L9196_P-300x200.jpg 300w, https:\/\/prensapresidencialvenezuela.gob.ve\/wp-content\/uploads\/2026\/03\/01_JZ_L9196_P-768x512.jpg 768w, https:\/\/prensapresidencialvenezuela.gob.ve\/wp-content\/uploads\/2026\/03\/01_JZ_L9196_P-1536x1024.jpg 1536w, https:\/\/prensapresidencialvenezuela.gob.ve\/wp-content\/uploads\/2026\/03\/01_JZ_L9196_P-2048x1365.jpg 2048w\" sizes=\"(max-width: 1024px) 100vw, 1024px\" \/><\/figure>\n\n\n\n<p>Rodr\u00edguez, destac\u00f3 que la ingesta cal\u00f3rica promedio del venezolano actualmente se sit\u00faa en 3 mil 300 calor\u00edas diarias, superando las 2 mil 700 calor\u00edas recomendadas por la Organizaci\u00f3n de las Naciones Unidas para la Alimentaci\u00f3n y la Agricultura (FAO).<\/p>\n\n\n\n<p>Este avance es un testimonio del impacto positivo de la Uni\u00f3n Nacional Productiva y de las estrategias implementadas por el Estado para fortalecer la seguridad alimentaria del pueblo venezolano.<\/p>\n\n\n\n<p><strong>Prensa Presidencial\/ Claudia Guerra M\u00e9ndez<\/strong><\/p>\n","protected":false},"excerpt":{"rendered":"<p>Carirubana, estado Falc\u00f3n.- El esfuerzo conjunto entre todos los niveles del Gobierno Nacional y el pueblo trabajador de Venezuela, bajo pol\u00edticas coherentes, permitir\u00e1n que Venezuela alcance una nueva meta en el cuidado y desarrollo de la poblaci\u00f3n infantil, as\u00ed lo dio a conocer la presidenta Encargada de la Rep\u00fablica Bolivariana de Venezuela, Delcy Rodr\u00edguez. \u00abNuestro [&hellip;]<\/p>\n","protected":false},"author":18,"featured_media":43201,"comment_status":"open","ping_status":"open","sticky":false,"template":"","format":"standard","meta":{"footnotes":""},"categories":[18,7],"tags":[1941,1942,1891,20],"class_list":["post-43193","post","type-post","status-publish","format-standard","has-post-thumbnail","hentry","category-noticias-principales","category-notas-de-prensa","tag-dia-de-la-alimentacion","tag-dia-del-pescador-y-pescadora","tag-presidenta-encargada-delcy-rodriguez","tag-venezuela"],"_links":{"self":[{"href":"https:\/\/prensapresidencialvenezuela.gob.ve\/index.php\/wp-json\/wp\/v2\/posts\/43193","targetHints":{"allow":["GET"]}}],"collection":[{"href":"https:\/\/prensapresidencialvenezuela.gob.ve\/index.php\/wp-json\/wp\/v2\/posts"}],"about":[{"href":"https:\/\/prensapresidencialvenezuela.gob.ve\/index.php\/wp-json\/wp\/v2\/types\/post"}],"author":[{"embeddable":true,"href":"https:\/\/prensapresidencialvenezuela.gob.ve\/index.php\/wp-json\/wp\/v2\/users\/18"}],"replies":[{"embeddable":true,"href":"https:\/\/prensapresidencialvenezuela.gob.ve\/index.php\/wp-json\/wp\/v2\/comments?post=43193"}],"version-history":[{"count":3,"href":"https:\/\/prensapresidencialvenezuela.gob.ve\/index.php\/wp-json\/wp\/v2\/posts\/43193\/revisions"}],"predecessor-version":[{"id":43202,"href":"https:\/\/prensapresidencialvenezuela.gob.ve\/index.php\/wp-json\/wp\/v2\/posts\/43193\/revisions\/43202"}],"wp:featuredmedia":[{"embeddable":true,"href":"https:\/\/prensapresidencialvenezuela.gob.ve\/index.php\/wp-json\/wp\/v2\/media\/43201"}],"wp:attachment":[{"href":"https:\/\/prensapresidencialvenezuela.gob.ve\/index.php\/wp-json\/wp\/v2\/media?parent=43193"}],"wp:term":[{"taxonomy":"category","embeddable":true,"href":"https:\/\/prensapresidencialvenezuela.gob.ve\/index.php\/wp-json\/wp\/v2\/categories?post=43193"},{"taxonomy":"post_tag","embeddable":true,"href":"https:\/\/prensapresidencialvenezuela.gob.ve\/index.php\/wp-json\/wp\/v2\/tags?post=43193"}],"curies":[{"name":"wp","href":"https:\/\/api.w.org\/{rel}","templated":true}]}}