{"id":43197,"date":"2026-03-14T20:54:00","date_gmt":"2026-03-15T00:54:00","guid":{"rendered":"https:\/\/prensapresidencialvenezuela.gob.ve\/?p=43197"},"modified":"2026-03-14T21:01:24","modified_gmt":"2026-03-15T01:01:24","slug":"fondo-de-proteccion-social-recibio-300-millones-de-dolares-para-el-beneficio-del-pueblo-trabajador","status":"publish","type":"post","link":"https:\/\/prensapresidencialvenezuela.gob.ve\/index.php\/2026\/03\/14\/fondo-de-proteccion-social-recibio-300-millones-de-dolares-para-el-beneficio-del-pueblo-trabajador\/","title":{"rendered":"Fondo de Protecci\u00f3n Social recibi\u00f3 300 millones de d\u00f3lares para el beneficio del pueblo trabajador"},"content":{"rendered":"\n<p><strong>Carirubana, estado Falc\u00f3n.-<\/strong> El Fondo de Protecci\u00f3n Social recibi\u00f3 este mes una inyecci\u00f3n de 300 millones de d\u00f3lares para la mejora de los ingresos econ\u00f3micos del pueblo trabajador, inform\u00f3 la presidenta de la Rep\u00fablica Bolivariana de Venezuela, Delcy Rodr\u00edguez, en el marco de la celebraci\u00f3n del D\u00eda de la Alimentaci\u00f3n y del Pescador y las Pescadoras Artesanales.<\/p>\n\n\n\n<p>Desde el estado Falc\u00f3n, la Mandataria Nacional Encargada detall\u00f3 que estos ingresos econ\u00f3micos al pa\u00eds fue producto de una venta extraordinaria de Fuel Oil.<\/p>\n\n\n\n<figure class=\"wp-block-image size-large\"><img fetchpriority=\"high\" decoding=\"async\" width=\"1024\" height=\"683\" src=\"https:\/\/prensapresidencialvenezuela.gob.ve\/wp-content\/uploads\/2026\/03\/02_JZ_L0296_P-1024x683.jpg\" alt=\"\" class=\"wp-image-43206\" srcset=\"https:\/\/prensapresidencialvenezuela.gob.ve\/wp-content\/uploads\/2026\/03\/02_JZ_L0296_P-1024x683.jpg 1024w, https:\/\/prensapresidencialvenezuela.gob.ve\/wp-content\/uploads\/2026\/03\/02_JZ_L0296_P-300x200.jpg 300w, https:\/\/prensapresidencialvenezuela.gob.ve\/wp-content\/uploads\/2026\/03\/02_JZ_L0296_P-768x512.jpg 768w, https:\/\/prensapresidencialvenezuela.gob.ve\/wp-content\/uploads\/2026\/03\/02_JZ_L0296_P-1536x1024.jpg 1536w, https:\/\/prensapresidencialvenezuela.gob.ve\/wp-content\/uploads\/2026\/03\/02_JZ_L0296_P-2048x1365.jpg 2048w\" sizes=\"(max-width: 1024px) 100vw, 1024px\" \/><\/figure>\n\n\n\n<p>\u00abLo que vayamos recibiendo, extraordinariamente, va a ser para nuestros trabajadores, para nuestro pueblo, para la Protecci\u00f3n Social, que en Uni\u00f3n Nacional nosotros avancemos. Y no nos dejemos ni perturbar ni descarrilar de quienes est\u00e1n vendi\u00e9ndole fantas\u00edas a nuestro pueblo, nosotros tenemos que ir con paso firme, nosotros tenemos que ir con un plan muy pensado de crecimiento econ\u00f3mico\u00bb, se\u00f1al\u00f3 Rodr\u00edguez.<\/p>\n\n\n\n<p>La Presidenta Encargada precis\u00f3 que esta mejora en el ingreso de los trabajadores del pa\u00eds, fue realizado a trav\u00e9s del Sistema Patria y reiter\u00f3 que estos recursos econ\u00f3micos asignados a los fondos, son ingresos derivados de nuevas inversiones en el sector petrolero y gas\u00edfero para mejorar la salud, la alimentaci\u00f3n y la vivienda de los venezolanos y venezolanas.<\/p>\n\n\n\n<p><strong>Prensa Presidencial\/ Claudia Guerra M\u00e9ndez<\/strong><\/p>\n","protected":false},"excerpt":{"rendered":"<p>Carirubana, estado Falc\u00f3n.- El Fondo de Protecci\u00f3n Social recibi\u00f3 este mes una inyecci\u00f3n de 300 millones de d\u00f3lares para la mejora de los ingresos econ\u00f3micos del pueblo trabajador, inform\u00f3 la presidenta de la Rep\u00fablica Bolivariana de Venezuela, Delcy Rodr\u00edguez, en el marco de la celebraci\u00f3n del D\u00eda de la Alimentaci\u00f3n y del Pescador y las [&hellip;]<\/p>\n","protected":false},"author":18,"featured_media":43205,"comment_status":"open","ping_status":"open","sticky":false,"template":"","format":"standard","meta":{"footnotes":""},"categories":[18,7],"tags":[1941,1942,1891,20],"class_list":["post-43197","post","type-post","status-publish","format-standard","has-post-thumbnail","hentry","category-noticias-principales","category-notas-de-prensa","tag-dia-de-la-alimentacion","tag-dia-del-pescador-y-pescadora","tag-presidenta-encargada-delcy-rodriguez","tag-venezuela"],"_links":{"self":[{"href":"https:\/\/prensapresidencialvenezuela.gob.ve\/index.php\/wp-json\/wp\/v2\/posts\/43197","targetHints":{"allow":["GET"]}}],"collection":[{"href":"https:\/\/prensapresidencialvenezuela.gob.ve\/index.php\/wp-json\/wp\/v2\/posts"}],"about":[{"href":"https:\/\/prensapresidencialvenezuela.gob.ve\/index.php\/wp-json\/wp\/v2\/types\/post"}],"author":[{"embeddable":true,"href":"https:\/\/prensapresidencialvenezuela.gob.ve\/index.php\/wp-json\/wp\/v2\/users\/18"}],"replies":[{"embeddable":true,"href":"https:\/\/prensapresidencialvenezuela.gob.ve\/index.php\/wp-json\/wp\/v2\/comments?post=43197"}],"version-history":[{"count":2,"href":"https:\/\/prensapresidencialvenezuela.gob.ve\/index.php\/wp-json\/wp\/v2\/posts\/43197\/revisions"}],"predecessor-version":[{"id":43207,"href":"https:\/\/prensapresidencialvenezuela.gob.ve\/index.php\/wp-json\/wp\/v2\/posts\/43197\/revisions\/43207"}],"wp:featuredmedia":[{"embeddable":true,"href":"https:\/\/prensapresidencialvenezuela.gob.ve\/index.php\/wp-json\/wp\/v2\/media\/43205"}],"wp:attachment":[{"href":"https:\/\/prensapresidencialvenezuela.gob.ve\/index.php\/wp-json\/wp\/v2\/media?parent=43197"}],"wp:term":[{"taxonomy":"category","embeddable":true,"href":"https:\/\/prensapresidencialvenezuela.gob.ve\/index.php\/wp-json\/wp\/v2\/categories?post=43197"},{"taxonomy":"post_tag","embeddable":true,"href":"https:\/\/prensapresidencialvenezuela.gob.ve\/index.php\/wp-json\/wp\/v2\/tags?post=43197"}],"curies":[{"name":"wp","href":"https:\/\/api.w.org\/{rel}","templated":true}]}}