{"id":43199,"date":"2026-03-14T18:32:41","date_gmt":"2026-03-14T22:32:41","guid":{"rendered":"https:\/\/prensapresidencialvenezuela.gob.ve\/?p=43199"},"modified":"2026-03-14T20:34:26","modified_gmt":"2026-03-15T00:34:26","slug":"pueblo-trabajador-presentara-al-ejecutivo-nacional-un-plan-de-crecimiento-para-venezuela-el-proximo-1-de-mayo","status":"publish","type":"post","link":"https:\/\/prensapresidencialvenezuela.gob.ve\/index.php\/2026\/03\/14\/pueblo-trabajador-presentara-al-ejecutivo-nacional-un-plan-de-crecimiento-para-venezuela-el-proximo-1-de-mayo\/","title":{"rendered":"Pueblo trabajador presentar\u00e1 al Ejecutivo Nacional un Plan de Crecimiento para Venezuela el pr\u00f3ximo 1 de Mayo"},"content":{"rendered":"\n<p><strong>Carirubana, estado Falc\u00f3n.-<\/strong> La presidenta Encargada de la Rep\u00fablica Bolivariana de Venezuela, Delcy Rodr\u00edguez, anunci\u00f3 que los trabajadores del pa\u00eds le presentar\u00e1n un Plan de Crecimiento para Venezuela el pr\u00f3ximo 1 de Mayo.<\/p>\n\n\n\n<p>\u00abVamos a recibirlo y vamos a hacerlo, porque viene de la mano de nuestro pueblo trabajador. As\u00ed que nosotros sigamos avanzando, que nada nos perturbe\u00bb explic\u00f3 Rodr\u00edguez.<\/p>\n\n\n\n<figure class=\"wp-block-image size-large\"><img fetchpriority=\"high\" decoding=\"async\" width=\"683\" height=\"1024\" src=\"https:\/\/prensapresidencialvenezuela.gob.ve\/wp-content\/uploads\/2026\/03\/04_JZ_L0328_P-683x1024.jpg\" alt=\"\" class=\"wp-image-43211\" srcset=\"https:\/\/prensapresidencialvenezuela.gob.ve\/wp-content\/uploads\/2026\/03\/04_JZ_L0328_P-683x1024.jpg 683w, https:\/\/prensapresidencialvenezuela.gob.ve\/wp-content\/uploads\/2026\/03\/04_JZ_L0328_P-200x300.jpg 200w, https:\/\/prensapresidencialvenezuela.gob.ve\/wp-content\/uploads\/2026\/03\/04_JZ_L0328_P-768x1152.jpg 768w, https:\/\/prensapresidencialvenezuela.gob.ve\/wp-content\/uploads\/2026\/03\/04_JZ_L0328_P-1024x1536.jpg 1024w, https:\/\/prensapresidencialvenezuela.gob.ve\/wp-content\/uploads\/2026\/03\/04_JZ_L0328_P-1366x2048.jpg 1366w, https:\/\/prensapresidencialvenezuela.gob.ve\/wp-content\/uploads\/2026\/03\/04_JZ_L0328_P-scaled.jpg 1707w\" sizes=\"(max-width: 683px) 100vw, 683px\" \/><\/figure>\n\n\n\n<p>Asimismo resalt\u00f3 la importancia de la participaci\u00f3n activa de la clase trabajadora en el desarrollo econ\u00f3mico del pa\u00eds.<\/p>\n\n\n\n<p>La Presidenta Encargada nuevamente inst\u00f3 al pueblo venezolano a continuar avanzando con determinaci\u00f3n y unidad. Este anuncio fue dado a conocer durante un acto de celebraci\u00f3n por el D\u00eda de la Alimentaci\u00f3n y del Pescador y las Pescadoras Artesanales, realizado en este estado Falc\u00f3n.<\/p>\n\n\n\n<p><strong>Prensa Presidencial\/ Claudia Guerra M\u00e9ndez<\/strong><\/p>\n","protected":false},"excerpt":{"rendered":"<p>Carirubana, estado Falc\u00f3n.- La presidenta Encargada de la Rep\u00fablica Bolivariana de Venezuela, Delcy Rodr\u00edguez, anunci\u00f3 que los trabajadores del pa\u00eds le presentar\u00e1n un Plan de Crecimiento para Venezuela el pr\u00f3ximo 1 de Mayo. \u00abVamos a recibirlo y vamos a hacerlo, porque viene de la mano de nuestro pueblo trabajador. As\u00ed que nosotros sigamos avanzando, que [&hellip;]<\/p>\n","protected":false},"author":18,"featured_media":43210,"comment_status":"open","ping_status":"open","sticky":false,"template":"","format":"standard","meta":{"footnotes":""},"categories":[18,7],"tags":[1941,1942,1891,20],"class_list":["post-43199","post","type-post","status-publish","format-standard","has-post-thumbnail","hentry","category-noticias-principales","category-notas-de-prensa","tag-dia-de-la-alimentacion","tag-dia-del-pescador-y-pescadora","tag-presidenta-encargada-delcy-rodriguez","tag-venezuela"],"_links":{"self":[{"href":"https:\/\/prensapresidencialvenezuela.gob.ve\/index.php\/wp-json\/wp\/v2\/posts\/43199","targetHints":{"allow":["GET"]}}],"collection":[{"href":"https:\/\/prensapresidencialvenezuela.gob.ve\/index.php\/wp-json\/wp\/v2\/posts"}],"about":[{"href":"https:\/\/prensapresidencialvenezuela.gob.ve\/index.php\/wp-json\/wp\/v2\/types\/post"}],"author":[{"embeddable":true,"href":"https:\/\/prensapresidencialvenezuela.gob.ve\/index.php\/wp-json\/wp\/v2\/users\/18"}],"replies":[{"embeddable":true,"href":"https:\/\/prensapresidencialvenezuela.gob.ve\/index.php\/wp-json\/wp\/v2\/comments?post=43199"}],"version-history":[{"count":2,"href":"https:\/\/prensapresidencialvenezuela.gob.ve\/index.php\/wp-json\/wp\/v2\/posts\/43199\/revisions"}],"predecessor-version":[{"id":43212,"href":"https:\/\/prensapresidencialvenezuela.gob.ve\/index.php\/wp-json\/wp\/v2\/posts\/43199\/revisions\/43212"}],"wp:featuredmedia":[{"embeddable":true,"href":"https:\/\/prensapresidencialvenezuela.gob.ve\/index.php\/wp-json\/wp\/v2\/media\/43210"}],"wp:attachment":[{"href":"https:\/\/prensapresidencialvenezuela.gob.ve\/index.php\/wp-json\/wp\/v2\/media?parent=43199"}],"wp:term":[{"taxonomy":"category","embeddable":true,"href":"https:\/\/prensapresidencialvenezuela.gob.ve\/index.php\/wp-json\/wp\/v2\/categories?post=43199"},{"taxonomy":"post_tag","embeddable":true,"href":"https:\/\/prensapresidencialvenezuela.gob.ve\/index.php\/wp-json\/wp\/v2\/tags?post=43199"}],"curies":[{"name":"wp","href":"https:\/\/api.w.org\/{rel}","templated":true}]}}