{"id":4320,"date":"2023-01-02T22:43:19","date_gmt":"2023-01-02T22:43:19","guid":{"rendered":"http:\/\/172.27.0.121\/?p=4320"},"modified":"2023-01-02T22:43:19","modified_gmt":"2023-01-02T22:43:19","slug":"movimientos-sociales-de-brasil-expresan-solidaridad-con-el-gobierno-de-venezuela","status":"publish","type":"post","link":"https:\/\/prensapresidencialvenezuela.gob.ve\/index.php\/2023\/01\/02\/movimientos-sociales-de-brasil-expresan-solidaridad-con-el-gobierno-de-venezuela\/","title":{"rendered":"Movimientos sociales de Brasil expresan solidaridad con el Gobierno de Venezuela"},"content":{"rendered":"\n<p><strong>Brasilia, Rep\u00fablica Federativa de Brasil.-<\/strong> Representantes de movimientos sociales de Brasil expresaron su solidaridad y apoyo al Gobierno de la Rep\u00fablica Bolivariana de Venezuela, al defender la soberan\u00eda frente a la agresi\u00f3n del extremismo de la ultraderecha venezolana que pretend\u00eda tomar a la fuerza las instalaciones de la Embajada venezolana.<\/p>\n\n\n\n<p>El encuentro -que se desarroll\u00f3 en la sede de la Embajada de la Rep\u00fablica Bolivariana de Venezuela en Brasilia- cont\u00f3 la participaci\u00f3n de la delegaci\u00f3n venezolana encabezada por el presidente de la Asamblea Nacional (AN), Jorge Rodr\u00edguez, a prop\u00f3sito de los actos realizados por la toma de posesi\u00f3n del presidente Luiz In\u00e1cio Lula Da Silva.<\/p>\n\n\n\n<p>En el acto en solidaridad participaron representantes de los movimientos sociales del Partido de los Trabajadores, Frente Nacional de Lucha, Levante Popular, sindicatos de la Central \u00danica de Trabajadores, el Partido Uni\u00f3n Popular y el Comit\u00e9 Antiimperialista Abreu e Lima, entre otros.<\/p>\n\n\n\n<p>Asimismo, este encuentro sirve como escenario para reafirmar la solidaridad con el Gobierno del mandatario brasile\u00f1o, adem\u00e1s de promover la diplomacia de paz, el fortalecimiento de los lazos de cooperaci\u00f3n bilateral y la defensa a los principios de la soberan\u00eda y la autodeterminaci\u00f3n de los pueblos<\/p>\n\n\n\n<p>Es importante se\u00f1alar, que el pasado mes de diciembre, el Mandatario venezolano Nicol\u00e1s Maduro, design\u00f3 a Manuel Vicente Vadell, como embajador de Venezuela en la Rep\u00fablica Federativa de Brasil, como parte del restablecimiento de las relaciones entre ambos pa\u00edses.<\/p>\n\n\n\n<p>A partir de este 1\u00b0 de enero de 2023, Venezuela y Brasil restituyen relaciones diplom\u00e1ticas tras la interrupci\u00f3n de las mismas en 2019, cuando el Gobierno del entonces presidente Jair Bolsonaro reconoci\u00f3 a Juan Guaid\u00f3 como presidente interino de Venezuela, desconociendo al presidente Constitucional de la Rep\u00fablica Bolivariana de Venezuela, Nicol\u00e1s Maduro.<\/p>\n\n\n\n<p><strong>Prensa Presidencial\/Joelin Jim\u00e9nez<\/strong><\/p>\n","protected":false},"excerpt":{"rendered":"<p>Brasilia, Rep\u00fablica Federativa de Brasil.- Representantes de movimientos sociales de Brasil expresaron su solidaridad y apoyo al Gobierno de la Rep\u00fablica Bolivariana de Venezuela, al defender la soberan\u00eda frente a la agresi\u00f3n del extremismo de la ultraderecha venezolana que pretend\u00eda tomar a la fuerza las instalaciones de la Embajada venezolana. El encuentro -que se desarroll\u00f3 [&hellip;]<\/p>\n","protected":false},"author":6,"featured_media":4325,"comment_status":"open","ping_status":"open","sticky":false,"template":"","format":"standard","meta":{"footnotes":""},"categories":[18,7],"tags":[30,19,27,20],"class_list":["post-4320","post","type-post","status-publish","format-standard","has-post-thumbnail","hentry","category-noticias-principales","category-notas-de-prensa","tag-destacado","tag-nicolas-maduro","tag-revolucion-bolivariana","tag-venezuela"],"_links":{"self":[{"href":"https:\/\/prensapresidencialvenezuela.gob.ve\/index.php\/wp-json\/wp\/v2\/posts\/4320","targetHints":{"allow":["GET"]}}],"collection":[{"href":"https:\/\/prensapresidencialvenezuela.gob.ve\/index.php\/wp-json\/wp\/v2\/posts"}],"about":[{"href":"https:\/\/prensapresidencialvenezuela.gob.ve\/index.php\/wp-json\/wp\/v2\/types\/post"}],"author":[{"embeddable":true,"href":"https:\/\/prensapresidencialvenezuela.gob.ve\/index.php\/wp-json\/wp\/v2\/users\/6"}],"replies":[{"embeddable":true,"href":"https:\/\/prensapresidencialvenezuela.gob.ve\/index.php\/wp-json\/wp\/v2\/comments?post=4320"}],"version-history":[{"count":1,"href":"https:\/\/prensapresidencialvenezuela.gob.ve\/index.php\/wp-json\/wp\/v2\/posts\/4320\/revisions"}],"predecessor-version":[{"id":4326,"href":"https:\/\/prensapresidencialvenezuela.gob.ve\/index.php\/wp-json\/wp\/v2\/posts\/4320\/revisions\/4326"}],"wp:featuredmedia":[{"embeddable":true,"href":"https:\/\/prensapresidencialvenezuela.gob.ve\/index.php\/wp-json\/wp\/v2\/media\/4325"}],"wp:attachment":[{"href":"https:\/\/prensapresidencialvenezuela.gob.ve\/index.php\/wp-json\/wp\/v2\/media?parent=4320"}],"wp:term":[{"taxonomy":"category","embeddable":true,"href":"https:\/\/prensapresidencialvenezuela.gob.ve\/index.php\/wp-json\/wp\/v2\/categories?post=4320"},{"taxonomy":"post_tag","embeddable":true,"href":"https:\/\/prensapresidencialvenezuela.gob.ve\/index.php\/wp-json\/wp\/v2\/tags?post=4320"}],"curies":[{"name":"wp","href":"https:\/\/api.w.org\/{rel}","templated":true}]}}