{"id":4321,"date":"2023-01-02T17:40:00","date_gmt":"2023-01-02T17:40:00","guid":{"rendered":"http:\/\/172.27.0.121\/?p=4321"},"modified":"2023-01-02T21:43:55","modified_gmt":"2023-01-02T21:43:55","slug":"venezuela-y-emiratos-arabes-fortalecen-lazos-de-cooperacion","status":"publish","type":"post","link":"https:\/\/prensapresidencialvenezuela.gob.ve\/index.php\/2023\/01\/02\/venezuela-y-emiratos-arabes-fortalecen-lazos-de-cooperacion\/","title":{"rendered":"Venezuela y Emiratos \u00c1rabes fortalecen lazos de cooperaci\u00f3n"},"content":{"rendered":"\n<p><strong>Brasilia, Rep\u00fablica Federativa de Brasil.-&nbsp;<\/strong>En un encuentro destinado a profundizar v\u00ednculos de amistad, basado en el principio de solidaridad y complementariedad, el presidente de la Asamblea Nacional, Jorge Rodr\u00edguez, se re\u00fane con la ministra de Estado para la Cooperaci\u00f3n Internacional de los Emiratos \u00c1rabes Unidos, Reem Bint Ebrahim Al Hashimy.<\/p>\n\n\n\n<p>El di\u00e1logo que se desarrolla en Brasilia, capital de la Rep\u00fablica Federativa de Brasil, donde ambas autoridades coinciden a prop\u00f3sito de los actos protocolares por la toma de posesi\u00f3n de Luiz In\u00e1cio Lula da Silva, reafirma la voluntad de ampliar la asociaci\u00f3n estrat\u00e9gica en \u00e1reas de inter\u00e9s bilateral.<\/p>\n\n\n\n<p>La emirat\u00ed Reem Bint Ebrahim Al Hashimy, al frente del Ministerio de Estado para la Cooperaci\u00f3n Internacional desde el a\u00f1o 2016, se desempe\u00f1a como presidenta del Comit\u00e9 Nacional de Objetivos de Desarrollo Sostenible y, en septiembre de 2022, se convirti\u00f3 en la primera mujer de Emiratos \u00c1rabes Unidos en pronunciar un discurso en la Asamblea General de la Organizaci\u00f3n de Naciones Unidas.<\/p>\n\n\n\n<p>En la reuni\u00f3n tambi\u00e9n participa el embajador de Emiratos \u00c1rabes Unidos en Brasil, Saleh Ahmad Salem Alzaraim Alsuwaidi, quien cumple misi\u00f3n diplom\u00e1tica en Brasilia desde septiembre de 2020. Asimismo, interviene el viceministro de Am\u00e9rica Latina y el Caribe del Ministerio del Poder Popular para Relaciones Exteriores, Rander Pe\u00f1a, as\u00ed como del embajador Venezuela en Brasil, Manuel Vadell.<\/p>\n\n\n\n<p>En noviembre pasado, Emiratos \u00c1rabes Unidos y Venezuela repasaron la agenda bilateral, fundamentalmente las relaciones de amistad y cooperaci\u00f3n; as\u00ed como las oportunidades que se abren en materia de comercio, econom\u00eda e inversi\u00f3n.<\/p>\n\n\n\n<p>Las alianzas estrat\u00e9gicas est\u00e1n cimentadas en la Organizaci\u00f3n de Pa\u00edses Exportadores de Petr\u00f3leo (OPEP), donde Venezuela destaca como una de las fundadoras en el a\u00f1o 1960, mientras que Emiratos \u00c1rabes Unidos rubric\u00f3 su adhesi\u00f3n en 1967.<\/p>\n\n\n\n<p><strong>Prensa Presidencial \/ Karelis Gonz\u00e1lez<\/strong><\/p>\n","protected":false},"excerpt":{"rendered":"<p>Brasilia, Rep\u00fablica Federativa de Brasil.-&nbsp;En un encuentro destinado a profundizar v\u00ednculos de amistad, basado en el principio de solidaridad y complementariedad, el presidente de la Asamblea Nacional, Jorge Rodr\u00edguez, se re\u00fane con la ministra de Estado para la Cooperaci\u00f3n Internacional de los Emiratos \u00c1rabes Unidos, Reem Bint Ebrahim Al Hashimy. El di\u00e1logo que se desarrolla [&hellip;]<\/p>\n","protected":false},"author":6,"featured_media":4322,"comment_status":"open","ping_status":"open","sticky":false,"template":"","format":"standard","meta":{"footnotes":""},"categories":[18,7],"tags":[30],"class_list":["post-4321","post","type-post","status-publish","format-standard","has-post-thumbnail","hentry","category-noticias-principales","category-notas-de-prensa","tag-destacado"],"_links":{"self":[{"href":"https:\/\/prensapresidencialvenezuela.gob.ve\/index.php\/wp-json\/wp\/v2\/posts\/4321","targetHints":{"allow":["GET"]}}],"collection":[{"href":"https:\/\/prensapresidencialvenezuela.gob.ve\/index.php\/wp-json\/wp\/v2\/posts"}],"about":[{"href":"https:\/\/prensapresidencialvenezuela.gob.ve\/index.php\/wp-json\/wp\/v2\/types\/post"}],"author":[{"embeddable":true,"href":"https:\/\/prensapresidencialvenezuela.gob.ve\/index.php\/wp-json\/wp\/v2\/users\/6"}],"replies":[{"embeddable":true,"href":"https:\/\/prensapresidencialvenezuela.gob.ve\/index.php\/wp-json\/wp\/v2\/comments?post=4321"}],"version-history":[{"count":1,"href":"https:\/\/prensapresidencialvenezuela.gob.ve\/index.php\/wp-json\/wp\/v2\/posts\/4321\/revisions"}],"predecessor-version":[{"id":4323,"href":"https:\/\/prensapresidencialvenezuela.gob.ve\/index.php\/wp-json\/wp\/v2\/posts\/4321\/revisions\/4323"}],"wp:featuredmedia":[{"embeddable":true,"href":"https:\/\/prensapresidencialvenezuela.gob.ve\/index.php\/wp-json\/wp\/v2\/media\/4322"}],"wp:attachment":[{"href":"https:\/\/prensapresidencialvenezuela.gob.ve\/index.php\/wp-json\/wp\/v2\/media?parent=4321"}],"wp:term":[{"taxonomy":"category","embeddable":true,"href":"https:\/\/prensapresidencialvenezuela.gob.ve\/index.php\/wp-json\/wp\/v2\/categories?post=4321"},{"taxonomy":"post_tag","embeddable":true,"href":"https:\/\/prensapresidencialvenezuela.gob.ve\/index.php\/wp-json\/wp\/v2\/tags?post=4321"}],"curies":[{"name":"wp","href":"https:\/\/api.w.org\/{rel}","templated":true}]}}