{"id":43217,"date":"2026-03-14T19:09:18","date_gmt":"2026-03-14T23:09:18","guid":{"rendered":"https:\/\/prensapresidencialvenezuela.gob.ve\/?p=43217"},"modified":"2026-03-14T20:35:53","modified_gmt":"2026-03-15T00:35:53","slug":"venezuela-apuesta-por-el-respeto-y-la-cooperacion-en-el-restablecimiento-de-relaciones-diplomaticas-con-eeuu","status":"publish","type":"post","link":"https:\/\/prensapresidencialvenezuela.gob.ve\/index.php\/2026\/03\/14\/venezuela-apuesta-por-el-respeto-y-la-cooperacion-en-el-restablecimiento-de-relaciones-diplomaticas-con-eeuu\/","title":{"rendered":"Venezuela apuesta por el respeto y la cooperaci\u00f3n en el restablecimiento de relaciones diplom\u00e1ticas con EEUU"},"content":{"rendered":"\n<p><strong>Carirubana, estado Falc\u00f3n.-<\/strong> En un gesto que marca un nuevo cap\u00edtulo en la Diplomacia de Paz entre Venezuela y los Estados Unidos, la presidenta Encargada de la Rep\u00fablica Bolivariana de Venezuela, Delcy Rodr\u00edguez, salud\u00f3 y felicit\u00f3 a la embajadora de Estados Unidos en Venezuela, Laura Dogu, con motivo del izado de la bandera estadounidense en territorio nacional tras 7 a\u00f1os de ausencia.<\/p>\n\n\n\n<p>Durante un significativo acto para el sector pesquero en su d\u00eda, desde el estado Falc\u00f3n, la Mandataria Nacional expres\u00f3 el firme deseo de que, pr\u00f3ximamente, el tricolor venezolano vuelva a ondear en la embajada de Venezuela en Estados Unidos.<\/p>\n\n\n\n<p>\u00abEsa bandera va a representar la verdad de Venezuela, la verdad de nuestro pueblo, la verdad de ustedes los pescadores que exportan productos del mar a m\u00e1s de 30 pa\u00edses, incluidos los Estados Unidos, que all\u00e1 vaya con la bandera la verdad, vaya nuestro mensaje de cooperaci\u00f3n, vaya nuestro mensaje de amistad, pero sobre todo vaya nuestro mensaje de di\u00e1logo y respeto a la legalidad\u00bb, destac\u00f3 Rodr\u00edguez en su mensaje.<\/p>\n\n\n\n<p>Finalmente, la Presidenta Encargada reafirm\u00f3 la identidad de Venezuela como un pueblo de paz con un legado hist\u00f3rico de dimensiones gigantescas, lo que le ha valido el respeto global. \u00abSomos un pueblo de paz, pero somos un pueblo que tiene un legado hist\u00f3rico, gigante, el pueblo venezolano es respetado en el mundo por lo grande que somos\u00bb, sentenci\u00f3 en su alocuci\u00f3n ante el pueblo pesquero de Carirubana.<\/p>\n\n\n\n<p><strong>Prensa Presidencial\/ Claudia Guerra M\u00e9ndez<\/strong><\/p>\n","protected":false},"excerpt":{"rendered":"<p>Carirubana, estado Falc\u00f3n.- En un gesto que marca un nuevo cap\u00edtulo en la Diplomacia de Paz entre Venezuela y los Estados Unidos, la presidenta Encargada de la Rep\u00fablica Bolivariana de Venezuela, Delcy Rodr\u00edguez, salud\u00f3 y felicit\u00f3 a la embajadora de Estados Unidos en Venezuela, Laura Dogu, con motivo del izado de la bandera estadounidense en [&hellip;]<\/p>\n","protected":false},"author":18,"featured_media":43218,"comment_status":"open","ping_status":"open","sticky":false,"template":"","format":"standard","meta":{"footnotes":""},"categories":[18,7],"tags":[1891,20],"class_list":["post-43217","post","type-post","status-publish","format-standard","has-post-thumbnail","hentry","category-noticias-principales","category-notas-de-prensa","tag-presidenta-encargada-delcy-rodriguez","tag-venezuela"],"_links":{"self":[{"href":"https:\/\/prensapresidencialvenezuela.gob.ve\/index.php\/wp-json\/wp\/v2\/posts\/43217","targetHints":{"allow":["GET"]}}],"collection":[{"href":"https:\/\/prensapresidencialvenezuela.gob.ve\/index.php\/wp-json\/wp\/v2\/posts"}],"about":[{"href":"https:\/\/prensapresidencialvenezuela.gob.ve\/index.php\/wp-json\/wp\/v2\/types\/post"}],"author":[{"embeddable":true,"href":"https:\/\/prensapresidencialvenezuela.gob.ve\/index.php\/wp-json\/wp\/v2\/users\/18"}],"replies":[{"embeddable":true,"href":"https:\/\/prensapresidencialvenezuela.gob.ve\/index.php\/wp-json\/wp\/v2\/comments?post=43217"}],"version-history":[{"count":1,"href":"https:\/\/prensapresidencialvenezuela.gob.ve\/index.php\/wp-json\/wp\/v2\/posts\/43217\/revisions"}],"predecessor-version":[{"id":43220,"href":"https:\/\/prensapresidencialvenezuela.gob.ve\/index.php\/wp-json\/wp\/v2\/posts\/43217\/revisions\/43220"}],"wp:featuredmedia":[{"embeddable":true,"href":"https:\/\/prensapresidencialvenezuela.gob.ve\/index.php\/wp-json\/wp\/v2\/media\/43218"}],"wp:attachment":[{"href":"https:\/\/prensapresidencialvenezuela.gob.ve\/index.php\/wp-json\/wp\/v2\/media?parent=43217"}],"wp:term":[{"taxonomy":"category","embeddable":true,"href":"https:\/\/prensapresidencialvenezuela.gob.ve\/index.php\/wp-json\/wp\/v2\/categories?post=43217"},{"taxonomy":"post_tag","embeddable":true,"href":"https:\/\/prensapresidencialvenezuela.gob.ve\/index.php\/wp-json\/wp\/v2\/tags?post=43217"}],"curies":[{"name":"wp","href":"https:\/\/api.w.org\/{rel}","templated":true}]}}