{"id":43224,"date":"2026-03-14T19:35:14","date_gmt":"2026-03-14T23:35:14","guid":{"rendered":"https:\/\/prensapresidencialvenezuela.gob.ve\/?p=43224"},"modified":"2026-03-14T20:36:29","modified_gmt":"2026-03-15T00:36:29","slug":"colombia-y-venezuela-fortalecen-su-relacion-binacional-en-seguridad-energia-y-turismo","status":"publish","type":"post","link":"https:\/\/prensapresidencialvenezuela.gob.ve\/index.php\/2026\/03\/14\/colombia-y-venezuela-fortalecen-su-relacion-binacional-en-seguridad-energia-y-turismo\/","title":{"rendered":"Colombia y Venezuela fortalecen su relaci\u00f3n binacional en seguridad, energ\u00eda y turismo"},"content":{"rendered":"\n<p><strong>Carirubana, estado Falc\u00f3n.-<\/strong> La presidenta Encargada de la Rep\u00fablica Bolivariana de Venezuela, Delcy Rodr\u00edguez, manifest\u00f3 su agrado por la visita de la delegaci\u00f3n enviada por el presidente de Colombia, Gustavo Petro, para abordar temas binacionales como la seguridad, el combate al narcotr\u00e1fico y la lucha contra organizaciones del crimen transnacional.<\/p>\n\n\n\n<p>Rodr\u00edguez destac\u00f3 que se discutieron estrategias en el \u00e1mbito energ\u00e9tico, destacando la importancia de una agenda de cooperaci\u00f3n que beneficie a ambos pa\u00edses.<\/p>\n\n\n\n<p>Tambi\u00e9n aprovech\u00f3 el momento para reiterar la exportaci\u00f3n de las primeras cisternas de Gas Licuado de Petr\u00f3leo (GLP) desde Venezuela hacia Colombia. \u00abY en pocos meses, v\u00eda gasoducto, estaremos interconectando gas\u00edferamente a Venezuela con Colombia\u00bb, detall\u00f3 la Mandataria Encargada Nacional.<\/p>\n\n\n\n<p>Por \u00faltimo, la Presidenta Encargada dijo que se explor\u00f3 la posibilidad de generar una interconexi\u00f3n el\u00e9ctrica, donde se plante\u00f3 la opci\u00f3n de que Colombia suministre electricidad a Venezuela, lo cual es fundamental para la recuperaci\u00f3n del Sistema El\u00e9ctrico Nacional.<\/p>\n\n\n\n<p>Finalmente, se discutieron planes para fomentar el turismo binacional y multidestino, invitando a turistas de Asia, \u00c1frica y Europa a explorar a ambas naciones. Este enfoque colaborativo en el turismo no solo enriquecer\u00e1 la oferta cultural de ambos pa\u00edses, sino que tambi\u00e9n impulsar\u00e1 el desarrollo econ\u00f3mico regional, creando nuevas oportunidades para las comunidades locales y fortaleciendo los lazos entre pueblos hermanos.<\/p>\n\n\n\n<p><strong>Prensa Presidencial\/ Claudia Guerra M\u00e9ndez<\/strong><\/p>\n","protected":false},"excerpt":{"rendered":"<p>Carirubana, estado Falc\u00f3n.- La presidenta Encargada de la Rep\u00fablica Bolivariana de Venezuela, Delcy Rodr\u00edguez, manifest\u00f3 su agrado por la visita de la delegaci\u00f3n enviada por el presidente de Colombia, Gustavo Petro, para abordar temas binacionales como la seguridad, el combate al narcotr\u00e1fico y la lucha contra organizaciones del crimen transnacional. Rodr\u00edguez destac\u00f3 que se discutieron [&hellip;]<\/p>\n","protected":false},"author":18,"featured_media":43225,"comment_status":"open","ping_status":"open","sticky":false,"template":"","format":"standard","meta":{"footnotes":""},"categories":[18,7],"tags":[40,1891,20],"class_list":["post-43224","post","type-post","status-publish","format-standard","has-post-thumbnail","hentry","category-noticias-principales","category-notas-de-prensa","tag-colombia","tag-presidenta-encargada-delcy-rodriguez","tag-venezuela"],"_links":{"self":[{"href":"https:\/\/prensapresidencialvenezuela.gob.ve\/index.php\/wp-json\/wp\/v2\/posts\/43224","targetHints":{"allow":["GET"]}}],"collection":[{"href":"https:\/\/prensapresidencialvenezuela.gob.ve\/index.php\/wp-json\/wp\/v2\/posts"}],"about":[{"href":"https:\/\/prensapresidencialvenezuela.gob.ve\/index.php\/wp-json\/wp\/v2\/types\/post"}],"author":[{"embeddable":true,"href":"https:\/\/prensapresidencialvenezuela.gob.ve\/index.php\/wp-json\/wp\/v2\/users\/18"}],"replies":[{"embeddable":true,"href":"https:\/\/prensapresidencialvenezuela.gob.ve\/index.php\/wp-json\/wp\/v2\/comments?post=43224"}],"version-history":[{"count":1,"href":"https:\/\/prensapresidencialvenezuela.gob.ve\/index.php\/wp-json\/wp\/v2\/posts\/43224\/revisions"}],"predecessor-version":[{"id":43226,"href":"https:\/\/prensapresidencialvenezuela.gob.ve\/index.php\/wp-json\/wp\/v2\/posts\/43224\/revisions\/43226"}],"wp:featuredmedia":[{"embeddable":true,"href":"https:\/\/prensapresidencialvenezuela.gob.ve\/index.php\/wp-json\/wp\/v2\/media\/43225"}],"wp:attachment":[{"href":"https:\/\/prensapresidencialvenezuela.gob.ve\/index.php\/wp-json\/wp\/v2\/media?parent=43224"}],"wp:term":[{"taxonomy":"category","embeddable":true,"href":"https:\/\/prensapresidencialvenezuela.gob.ve\/index.php\/wp-json\/wp\/v2\/categories?post=43224"},{"taxonomy":"post_tag","embeddable":true,"href":"https:\/\/prensapresidencialvenezuela.gob.ve\/index.php\/wp-json\/wp\/v2\/tags?post=43224"}],"curies":[{"name":"wp","href":"https:\/\/api.w.org\/{rel}","templated":true}]}}