{"id":43259,"date":"2026-03-15T20:28:39","date_gmt":"2026-03-16T00:28:39","guid":{"rendered":"https:\/\/prensapresidencialvenezuela.gob.ve\/?p=43259"},"modified":"2026-03-15T20:30:14","modified_gmt":"2026-03-16T00:30:14","slug":"cacao-y-el-chocolate-venezolano-se-consolidaran-en-mercados-internacionales","status":"publish","type":"post","link":"https:\/\/prensapresidencialvenezuela.gob.ve\/index.php\/2026\/03\/15\/cacao-y-el-chocolate-venezolano-se-consolidaran-en-mercados-internacionales\/","title":{"rendered":"Cacao y el chocolate venezolano se consolidar\u00e1n en mercados internacionales"},"content":{"rendered":"\n<p><strong>Estado Miranda, Venezuela.-<\/strong> La presidenta Encargada de la Rep\u00fablica Bolivariana de Venezuela, Delcy Rodr\u00edguez, gir\u00f3 instrucciones a la ministra del Poder Popular para el Comercio Exterior, Coromoto Godoy, a consolidar mercados estrat\u00e9gicos para potenciar del Cacao y chocolate venezolano.<\/p>\n\n\n\n<p>Asimismo, resalt\u00f3 durante su vista a la chocolater\u00eda \u00abCakawa\u00bb, donde comparti\u00f3 con los emprendedores del lugar, la importancia del posicionamiento del Cacao y el chocolate venezolano en el mercado mundial, ya que su sabor y calidad es aut\u00e9ntica. Adem\u00e1s de subrayar que este producto nacional es de alta calidad alimenticia.<\/p>\n\n\n\n<p>En el mensaje que emiti\u00f3 la Mandataria Encargada, durante el desarrollo de la actividad, dijo lo siguiente: \u00abA activarse, a ubicar mercado para el chocolate venezolano, para el cacao, es una instrucci\u00f3n inmediata\u00bb.<\/p>\n\n\n\n<figure class=\"wp-block-image size-large\"><img fetchpriority=\"high\" decoding=\"async\" width=\"1024\" height=\"683\" src=\"https:\/\/prensapresidencialvenezuela.gob.ve\/wp-content\/uploads\/2026\/03\/IMG_5129-1024x683.jpg\" alt=\"\" class=\"wp-image-43263\" srcset=\"https:\/\/prensapresidencialvenezuela.gob.ve\/wp-content\/uploads\/2026\/03\/IMG_5129-1024x683.jpg 1024w, https:\/\/prensapresidencialvenezuela.gob.ve\/wp-content\/uploads\/2026\/03\/IMG_5129-300x200.jpg 300w, https:\/\/prensapresidencialvenezuela.gob.ve\/wp-content\/uploads\/2026\/03\/IMG_5129-768x512.jpg 768w, https:\/\/prensapresidencialvenezuela.gob.ve\/wp-content\/uploads\/2026\/03\/IMG_5129-1536x1024.jpg 1536w, https:\/\/prensapresidencialvenezuela.gob.ve\/wp-content\/uploads\/2026\/03\/IMG_5129-2048x1366.jpg 2048w\" sizes=\"(max-width: 1024px) 100vw, 1024px\" \/><\/figure>\n\n\n\n<p>Al mismo tiempo, Rodr\u00edguez afirm\u00f3 que el Cacao de Venezuela es el mejor del mundo; informando a su vez, que \u00abactualmente existen mil 091 comunidades organizadas con sus propios voceros y voceras del cacao en todo el pa\u00eds\u00bb.<\/p>\n\n\n\n<p>Por otra parte, la jefa de Estado encargada tambi\u00e9n orden\u00f3 igualar la relevancia del Cacao con la del caf\u00e9, se\u00f1alando que \u00abal caf\u00e9 se le ha dado mucha relevancia, tambi\u00e9n con el cacao hay que hacerlo de la misma forma\u00bb.<\/p>\n\n\n\n<p>En el mismo orden de ideas, la la presidenta (E) Delcy Rodr\u00edguez reiter\u00f3 la instrucci\u00f3n a su equipo de trabajo, extendiendo la solicitud al ministro del Poder Popular para la Agricultura y Tierras, Julio Le\u00f3n Heredia para organizar proyectos con los emprendedores del cacao y chocolate, y de esta manera, internacionalizar el producto.<\/p>\n\n\n\n<p><strong>Prensa Presidencial\/ Irmary D\u00edaz<\/strong><\/p>\n","protected":false},"excerpt":{"rendered":"<p>Estado Miranda, Venezuela.- La presidenta Encargada de la Rep\u00fablica Bolivariana de Venezuela, Delcy Rodr\u00edguez, gir\u00f3 instrucciones a la ministra del Poder Popular para el Comercio Exterior, Coromoto Godoy, a consolidar mercados estrat\u00e9gicos para potenciar del Cacao y chocolate venezolano. Asimismo, resalt\u00f3 durante su vista a la chocolater\u00eda \u00abCakawa\u00bb, donde comparti\u00f3 con los emprendedores del lugar, [&hellip;]<\/p>\n","protected":false},"author":15,"featured_media":43253,"comment_status":"open","ping_status":"open","sticky":false,"template":"","format":"standard","meta":{"footnotes":""},"categories":[18,7],"tags":[1891,20],"class_list":["post-43259","post","type-post","status-publish","format-standard","has-post-thumbnail","hentry","category-noticias-principales","category-notas-de-prensa","tag-presidenta-encargada-delcy-rodriguez","tag-venezuela"],"_links":{"self":[{"href":"https:\/\/prensapresidencialvenezuela.gob.ve\/index.php\/wp-json\/wp\/v2\/posts\/43259","targetHints":{"allow":["GET"]}}],"collection":[{"href":"https:\/\/prensapresidencialvenezuela.gob.ve\/index.php\/wp-json\/wp\/v2\/posts"}],"about":[{"href":"https:\/\/prensapresidencialvenezuela.gob.ve\/index.php\/wp-json\/wp\/v2\/types\/post"}],"author":[{"embeddable":true,"href":"https:\/\/prensapresidencialvenezuela.gob.ve\/index.php\/wp-json\/wp\/v2\/users\/15"}],"replies":[{"embeddable":true,"href":"https:\/\/prensapresidencialvenezuela.gob.ve\/index.php\/wp-json\/wp\/v2\/comments?post=43259"}],"version-history":[{"count":3,"href":"https:\/\/prensapresidencialvenezuela.gob.ve\/index.php\/wp-json\/wp\/v2\/posts\/43259\/revisions"}],"predecessor-version":[{"id":43264,"href":"https:\/\/prensapresidencialvenezuela.gob.ve\/index.php\/wp-json\/wp\/v2\/posts\/43259\/revisions\/43264"}],"wp:featuredmedia":[{"embeddable":true,"href":"https:\/\/prensapresidencialvenezuela.gob.ve\/index.php\/wp-json\/wp\/v2\/media\/43253"}],"wp:attachment":[{"href":"https:\/\/prensapresidencialvenezuela.gob.ve\/index.php\/wp-json\/wp\/v2\/media?parent=43259"}],"wp:term":[{"taxonomy":"category","embeddable":true,"href":"https:\/\/prensapresidencialvenezuela.gob.ve\/index.php\/wp-json\/wp\/v2\/categories?post=43259"},{"taxonomy":"post_tag","embeddable":true,"href":"https:\/\/prensapresidencialvenezuela.gob.ve\/index.php\/wp-json\/wp\/v2\/tags?post=43259"}],"curies":[{"name":"wp","href":"https:\/\/api.w.org\/{rel}","templated":true}]}}