{"id":43286,"date":"2026-03-16T19:46:12","date_gmt":"2026-03-16T23:46:12","guid":{"rendered":"https:\/\/prensapresidencialvenezuela.gob.ve\/?p=43286"},"modified":"2026-03-16T20:35:04","modified_gmt":"2026-03-17T00:35:04","slug":"__trashed-5","status":"publish","type":"post","link":"https:\/\/prensapresidencialvenezuela.gob.ve\/index.php\/2026\/03\/16\/__trashed-5\/","title":{"rendered":"Mandataria (E) Delcy Rodr\u00edguez exhorta a los venezolanos a avanzar en los espacios de di\u00e1logo para la felicidad social"},"content":{"rendered":"\n<p><strong>Caracas, Venezuela.-<\/strong> La presidenta Encargada de la Rep\u00fablica Bolivariana de Venezuela, Delcy Rodr\u00edguez, este lunes, hizo un llamado al pueblo venezolano a manifestarse en los espacios de di\u00e1logo que han sido abiertos democr\u00e1ticamente.<\/p>\n\n\n\n<p>\u00abMi mensaje a los venezolanos y a las venezolanas es que avancemos, es que hay espacios para el di\u00e1logo, es que hay espacios para el encuentro, es que hay espacios para manifestar en lo que se deba disentir, pero lo importante es que exista el espacio en el \u00e1mbito democr\u00e1tico\u00bb, explic\u00f3 a prop\u00f3sito de las recientes acciones de algunos sectores del pa\u00eds.<\/p>\n\n\n\n<p>De la misma manera, Rodr\u00edguez invit\u00f3 a quienes se encuentran fuera del pa\u00eds a que \u00abdejen trabajar a Venezuela\u00bb. Agreg\u00f3 que \u00abdejen desde el exterior de perturbar, de pretender descarrilar todos los mecanismos\u00bb, indic\u00f3 la Presidenta Encargada como posibles causas a estas acciones que interfieren en la paz y en la vida cotidiana nacional.<\/p>\n\n\n\n<p>Por \u00faltimo, la presidenta (E) Delcy Rodr\u00edguez insisti\u00f3 en que en este momento se realiza el m\u00e1ximo esfuerzo para \u00abreencontrar el camino de los venezolanos y de las venezolanas\u00bb, que les garantice una Venezuela en libertad, de desarrollo y de prosperidad \u00abpara todo el pueblo venezolano y podamos garantizar la felicidad social\u00bb.<\/p>\n\n\n\n<p><strong>Prensa Presidencial\/ Claudia Guerra M\u00e9ndez<\/strong><\/p>\n","protected":false},"excerpt":{"rendered":"<p>Caracas, Venezuela.- La presidenta Encargada de la Rep\u00fablica Bolivariana de Venezuela, Delcy Rodr\u00edguez, este lunes, hizo un llamado al pueblo venezolano a manifestarse en los espacios de di\u00e1logo que han sido abiertos democr\u00e1ticamente. \u00abMi mensaje a los venezolanos y a las venezolanas es que avancemos, es que hay espacios para el di\u00e1logo, es que hay [&hellip;]<\/p>\n","protected":false},"author":18,"featured_media":43308,"comment_status":"open","ping_status":"open","sticky":false,"template":"","format":"standard","meta":{"footnotes":""},"categories":[18,7],"tags":[1891,20],"class_list":["post-43286","post","type-post","status-publish","format-standard","has-post-thumbnail","hentry","category-noticias-principales","category-notas-de-prensa","tag-presidenta-encargada-delcy-rodriguez","tag-venezuela"],"_links":{"self":[{"href":"https:\/\/prensapresidencialvenezuela.gob.ve\/index.php\/wp-json\/wp\/v2\/posts\/43286","targetHints":{"allow":["GET"]}}],"collection":[{"href":"https:\/\/prensapresidencialvenezuela.gob.ve\/index.php\/wp-json\/wp\/v2\/posts"}],"about":[{"href":"https:\/\/prensapresidencialvenezuela.gob.ve\/index.php\/wp-json\/wp\/v2\/types\/post"}],"author":[{"embeddable":true,"href":"https:\/\/prensapresidencialvenezuela.gob.ve\/index.php\/wp-json\/wp\/v2\/users\/18"}],"replies":[{"embeddable":true,"href":"https:\/\/prensapresidencialvenezuela.gob.ve\/index.php\/wp-json\/wp\/v2\/comments?post=43286"}],"version-history":[{"count":1,"href":"https:\/\/prensapresidencialvenezuela.gob.ve\/index.php\/wp-json\/wp\/v2\/posts\/43286\/revisions"}],"predecessor-version":[{"id":43287,"href":"https:\/\/prensapresidencialvenezuela.gob.ve\/index.php\/wp-json\/wp\/v2\/posts\/43286\/revisions\/43287"}],"wp:featuredmedia":[{"embeddable":true,"href":"https:\/\/prensapresidencialvenezuela.gob.ve\/index.php\/wp-json\/wp\/v2\/media\/43308"}],"wp:attachment":[{"href":"https:\/\/prensapresidencialvenezuela.gob.ve\/index.php\/wp-json\/wp\/v2\/media?parent=43286"}],"wp:term":[{"taxonomy":"category","embeddable":true,"href":"https:\/\/prensapresidencialvenezuela.gob.ve\/index.php\/wp-json\/wp\/v2\/categories?post=43286"},{"taxonomy":"post_tag","embeddable":true,"href":"https:\/\/prensapresidencialvenezuela.gob.ve\/index.php\/wp-json\/wp\/v2\/tags?post=43286"}],"curies":[{"name":"wp","href":"https:\/\/api.w.org\/{rel}","templated":true}]}}