{"id":43289,"date":"2026-03-16T20:19:00","date_gmt":"2026-03-17T00:19:00","guid":{"rendered":"https:\/\/prensapresidencialvenezuela.gob.ve\/?p=43289"},"modified":"2026-03-16T20:21:38","modified_gmt":"2026-03-17T00:21:38","slug":"presidenta-e-delcy-rodriguez-dirige-reunion-con-el-gabinete-educativo","status":"publish","type":"post","link":"https:\/\/prensapresidencialvenezuela.gob.ve\/index.php\/2026\/03\/16\/presidenta-e-delcy-rodriguez-dirige-reunion-con-el-gabinete-educativo\/","title":{"rendered":"Presidenta (E) Delcy Rodr\u00edguez dirige reuni\u00f3n con el Gabinete Educativo"},"content":{"rendered":"\n<p><strong>Caracas, Venezuela. &#8211;<\/strong> Este lunes, la presidenta Encargada de la Rep\u00fablica Bolivariana de Venezuela, Delcy Rodr\u00edguez, sostuvo una reuni\u00f3n de trabajo de alto nivel con autoridades educativas para evaluar el sistema educativo, el bienestar docente y el desarrollo del a\u00f1o escolar 2025-2026, situando de esta manera la educaci\u00f3n como prioridad nacional. <\/p>\n\n\n\n<p>Con este encuentro, el Gobierno Bolivariano tambi\u00e9n se plantea revisar nuevas estrategias para mejorar las condiciones laborales y salariales de los educadores, reconociendo as\u00ed su labor fundamental en el fortalecimiento de la Cuarta Transformaci\u00f3n del Plan de la Patria, que desarrolla el \u00e1rea social para la protecci\u00f3n y desarrollo social.<\/p>\n\n\n\n<figure class=\"wp-block-image size-large\"><img fetchpriority=\"high\" decoding=\"async\" width=\"1024\" height=\"819\" src=\"https:\/\/prensapresidencialvenezuela.gob.ve\/wp-content\/uploads\/2026\/03\/IMG_0059-1024x819.jpg\" alt=\"\" class=\"wp-image-43292\" srcset=\"https:\/\/prensapresidencialvenezuela.gob.ve\/wp-content\/uploads\/2026\/03\/IMG_0059-1024x819.jpg 1024w, https:\/\/prensapresidencialvenezuela.gob.ve\/wp-content\/uploads\/2026\/03\/IMG_0059-300x240.jpg 300w, https:\/\/prensapresidencialvenezuela.gob.ve\/wp-content\/uploads\/2026\/03\/IMG_0059-768x614.jpg 768w, https:\/\/prensapresidencialvenezuela.gob.ve\/wp-content\/uploads\/2026\/03\/IMG_0059-1536x1229.jpg 1536w, https:\/\/prensapresidencialvenezuela.gob.ve\/wp-content\/uploads\/2026\/03\/IMG_0059-2048x1638.jpg 2048w\" sizes=\"(max-width: 1024px) 100vw, 1024px\" \/><\/figure>\n\n\n\n<p>En este sentido, es importante recordar que meses anteriores el Ejecutivo se ha centrado en realizar mejoras en las infraestructuras educativas del pa\u00eds; con el compromiso de mantener la continuidad educativa, asegurando el desarrollo integral de ni\u00f1os, ni\u00f1as y j\u00f3venes venezolanos.<\/p>\n\n\n\n<p>La jefa de Estado Encargada estuvo acompa\u00f1a por el vicepresidente sectorial del Socialismo Social y Territorial y ministro del Poder Popular para la Educaci\u00f3n, H\u00e9ctor Rodr\u00edguez, el viceministro de Educaci\u00f3n y presidente del Centro de Estudios \u00abSim\u00f3n Bol\u00edvar\u00bb, Alejandro L\u00f3pez, la viceministra de Educaci\u00f3n Inicial y Primaria, Magaly Pimentel, el viceministro de Educaci\u00f3n Media, Eloy Sira, entre otras autoridades relacionadas al sector educativo del pa\u00eds.<\/p>\n\n\n\n<p><strong>Prensa Presidencial\/ Irmary D\u00edaz<\/strong><\/p>\n","protected":false},"excerpt":{"rendered":"<p>Caracas, Venezuela. &#8211; Este lunes, la presidenta Encargada de la Rep\u00fablica Bolivariana de Venezuela, Delcy Rodr\u00edguez, sostuvo una reuni\u00f3n de trabajo de alto nivel con autoridades educativas para evaluar el sistema educativo, el bienestar docente y el desarrollo del a\u00f1o escolar 2025-2026, situando de esta manera la educaci\u00f3n como prioridad nacional. Con este encuentro, el [&hellip;]<\/p>\n","protected":false},"author":15,"featured_media":43291,"comment_status":"open","ping_status":"open","sticky":false,"template":"","format":"standard","meta":{"footnotes":""},"categories":[18,7],"tags":[],"class_list":["post-43289","post","type-post","status-publish","format-standard","has-post-thumbnail","hentry","category-noticias-principales","category-notas-de-prensa"],"_links":{"self":[{"href":"https:\/\/prensapresidencialvenezuela.gob.ve\/index.php\/wp-json\/wp\/v2\/posts\/43289","targetHints":{"allow":["GET"]}}],"collection":[{"href":"https:\/\/prensapresidencialvenezuela.gob.ve\/index.php\/wp-json\/wp\/v2\/posts"}],"about":[{"href":"https:\/\/prensapresidencialvenezuela.gob.ve\/index.php\/wp-json\/wp\/v2\/types\/post"}],"author":[{"embeddable":true,"href":"https:\/\/prensapresidencialvenezuela.gob.ve\/index.php\/wp-json\/wp\/v2\/users\/15"}],"replies":[{"embeddable":true,"href":"https:\/\/prensapresidencialvenezuela.gob.ve\/index.php\/wp-json\/wp\/v2\/comments?post=43289"}],"version-history":[{"count":1,"href":"https:\/\/prensapresidencialvenezuela.gob.ve\/index.php\/wp-json\/wp\/v2\/posts\/43289\/revisions"}],"predecessor-version":[{"id":43293,"href":"https:\/\/prensapresidencialvenezuela.gob.ve\/index.php\/wp-json\/wp\/v2\/posts\/43289\/revisions\/43293"}],"wp:featuredmedia":[{"embeddable":true,"href":"https:\/\/prensapresidencialvenezuela.gob.ve\/index.php\/wp-json\/wp\/v2\/media\/43291"}],"wp:attachment":[{"href":"https:\/\/prensapresidencialvenezuela.gob.ve\/index.php\/wp-json\/wp\/v2\/media?parent=43289"}],"wp:term":[{"taxonomy":"category","embeddable":true,"href":"https:\/\/prensapresidencialvenezuela.gob.ve\/index.php\/wp-json\/wp\/v2\/categories?post=43289"},{"taxonomy":"post_tag","embeddable":true,"href":"https:\/\/prensapresidencialvenezuela.gob.ve\/index.php\/wp-json\/wp\/v2\/tags?post=43289"}],"curies":[{"name":"wp","href":"https:\/\/api.w.org\/{rel}","templated":true}]}}