{"id":43295,"date":"2026-03-16T20:14:56","date_gmt":"2026-03-17T00:14:56","guid":{"rendered":"https:\/\/prensapresidencialvenezuela.gob.ve\/?p=43295"},"modified":"2026-03-16T20:14:56","modified_gmt":"2026-03-17T00:14:56","slug":"presidenta-e-delcy-rodriguez-ratifica-vigencia-de-la-ley-de-amnistia-para-la-paz-el-dialogo-y-el-reencuentro-nacional","status":"publish","type":"post","link":"https:\/\/prensapresidencialvenezuela.gob.ve\/index.php\/2026\/03\/16\/presidenta-e-delcy-rodriguez-ratifica-vigencia-de-la-ley-de-amnistia-para-la-paz-el-dialogo-y-el-reencuentro-nacional\/","title":{"rendered":"Presidenta (E) Delcy Rodr\u00edguez ratifica vigencia de la Ley de Amnist\u00eda para la Paz, el di\u00e1logo y el reencuentro nacional"},"content":{"rendered":"\n<p><strong>Caracas, Venezuela. \u2013<\/strong> Durante una jornada gubernamental de \u00abLunes de Trabajo\u00bb dedicada al fortalecimiento del Sistema Educativo, la presidenta Encargada, Delcy Rodr\u00edguez, subray\u00f3 que el Estado venezolano cuenta con mecanismos s\u00f3lidos para el di\u00e1logo y el reencuentro nacional.<\/p>\n\n\n\n<p>En este sentido, destac\u00f3 la importancia de la Ley de Amnist\u00eda y el Programa de Convivencia Democr\u00e1tica y Paz como los pilares institucionales dise\u00f1ados para buscar la coexistencia desde la diversidad y el antagonismo pol\u00edtico.<\/p>\n\n\n\n<p>Rodr\u00edguez se\u00f1al\u00f3 que estas herramientas son fundamentales para garantizar que el debate de ideas se mantenga dentro del marco democr\u00e1tico y respetuoso.<\/p>\n\n\n\n<p>Asimismo, subray\u00f3 que el objetivo central de estas pol\u00edticas es asegurar que Venezuela recupere la normalidad total en su vida cotidiana, tanto en el \u00e1mbito nacional como en sus relaciones internacionales.<\/p>\n\n\n\n<p>Por otra parte, la Presidenta Encargada denunci\u00f3 la persistencia de planes desestabilizadores promovidos fuera de nuestras fronteras contra la tranquilidad nacional. Lament\u00f3 que, a trav\u00e9s de herramientas tecnol\u00f3gicas y desde el extranjero, se contin\u00fae intentando activar a sectores extremistas para perturbar el orden interno, calificando estas acciones como un obst\u00e1culo para la plena recuperaci\u00f3n del pa\u00eds.<\/p>\n\n\n\n<p>Finalmente, reiter\u00f3 que la ruta para el desarrollo de la Rep\u00fablica debe ser construida soberanamente por los venezolanos, libre de perturbaciones externas, apostando siempre por la paz y la prosperidad de todo el pueblo.<\/p>\n\n\n\n<p>Prensa Presidencial \/ Kaylib Maita <\/p>\n","protected":false},"excerpt":{"rendered":"<p>Caracas, Venezuela. \u2013 Durante una jornada gubernamental de \u00abLunes de Trabajo\u00bb dedicada al fortalecimiento del Sistema Educativo, la presidenta Encargada, Delcy Rodr\u00edguez, subray\u00f3 que el Estado venezolano cuenta con mecanismos s\u00f3lidos para el di\u00e1logo y el reencuentro nacional. En este sentido, destac\u00f3 la importancia de la Ley de Amnist\u00eda y el Programa de Convivencia Democr\u00e1tica [&hellip;]<\/p>\n","protected":false},"author":21,"featured_media":43297,"comment_status":"open","ping_status":"open","sticky":false,"template":"","format":"standard","meta":{"footnotes":""},"categories":[18,7],"tags":[1906,1891,1935],"class_list":["post-43295","post","type-post","status-publish","format-standard","has-post-thumbnail","hentry","category-noticias-principales","category-notas-de-prensa","tag-ley-de-amnistia","tag-presidenta-encargada-delcy-rodriguez","tag-programa-de-convivencia-democratica-y-paz"],"_links":{"self":[{"href":"https:\/\/prensapresidencialvenezuela.gob.ve\/index.php\/wp-json\/wp\/v2\/posts\/43295","targetHints":{"allow":["GET"]}}],"collection":[{"href":"https:\/\/prensapresidencialvenezuela.gob.ve\/index.php\/wp-json\/wp\/v2\/posts"}],"about":[{"href":"https:\/\/prensapresidencialvenezuela.gob.ve\/index.php\/wp-json\/wp\/v2\/types\/post"}],"author":[{"embeddable":true,"href":"https:\/\/prensapresidencialvenezuela.gob.ve\/index.php\/wp-json\/wp\/v2\/users\/21"}],"replies":[{"embeddable":true,"href":"https:\/\/prensapresidencialvenezuela.gob.ve\/index.php\/wp-json\/wp\/v2\/comments?post=43295"}],"version-history":[{"count":1,"href":"https:\/\/prensapresidencialvenezuela.gob.ve\/index.php\/wp-json\/wp\/v2\/posts\/43295\/revisions"}],"predecessor-version":[{"id":43299,"href":"https:\/\/prensapresidencialvenezuela.gob.ve\/index.php\/wp-json\/wp\/v2\/posts\/43295\/revisions\/43299"}],"wp:featuredmedia":[{"embeddable":true,"href":"https:\/\/prensapresidencialvenezuela.gob.ve\/index.php\/wp-json\/wp\/v2\/media\/43297"}],"wp:attachment":[{"href":"https:\/\/prensapresidencialvenezuela.gob.ve\/index.php\/wp-json\/wp\/v2\/media?parent=43295"}],"wp:term":[{"taxonomy":"category","embeddable":true,"href":"https:\/\/prensapresidencialvenezuela.gob.ve\/index.php\/wp-json\/wp\/v2\/categories?post=43295"},{"taxonomy":"post_tag","embeddable":true,"href":"https:\/\/prensapresidencialvenezuela.gob.ve\/index.php\/wp-json\/wp\/v2\/tags?post=43295"}],"curies":[{"name":"wp","href":"https:\/\/api.w.org\/{rel}","templated":true}]}}