{"id":43303,"date":"2026-03-16T20:15:00","date_gmt":"2026-03-17T00:15:00","guid":{"rendered":"https:\/\/prensapresidencialvenezuela.gob.ve\/?p=43303"},"modified":"2026-03-16T20:22:03","modified_gmt":"2026-03-17T00:22:03","slug":"ejecutivo-nacional-afina-estrategias-para-fortalecer-el-sistema-educativo","status":"publish","type":"post","link":"https:\/\/prensapresidencialvenezuela.gob.ve\/index.php\/2026\/03\/16\/ejecutivo-nacional-afina-estrategias-para-fortalecer-el-sistema-educativo\/","title":{"rendered":"Ejecutivo Nacional afina estrategias para fortalecer el Sistema Educativo"},"content":{"rendered":"\n<p><strong>Caracas, Venezuela. \u2013 <\/strong>Con el objetivo de fortalecer y optimizar el Sector Educativo del pa\u00eds, la presidenta Encargada de la Rep\u00fablica Bolivariana de Venezuela, Delcy Rodr\u00edguez, eval\u00fao junto al equipo del Ministerio del poder Popular para la Educaci\u00f3n y la Vicepresidencia Sectorial del Socialismo Social y Territorial, el Plan de Educaci\u00f3n Nacional.<\/p>\n\n\n\n<p>En este sentido, la Mandataria Encargada afirm\u00f3 que la ruta para garantizar el futuro de los ni\u00f1os, ni\u00f1as y j\u00f3venes de Venezuela, es la Educaci\u00f3n. Por tanto, hoy se est\u00e1n revisando las pol\u00edticas, planes, y lo que \u00abse tenga que ajustar\u00bb para que la calidad de la Educaci\u00f3n est\u00e9 asegurada para el futuro.<\/p>\n\n\n\n<p>\u00abLa Rep\u00fablica descansa en la Educaci\u00f3n, as\u00ed lo concibi\u00f3 nuestro Padre Libertador \u00abSim\u00f3n Bol\u00edvar\u00bb (\u2026) est\u00e1 en la Educaci\u00f3n el destino de Venezuela como una Rep\u00fablica independiente, libre, soberana, y para garantizar el futuro de nuestra Patria\u00bb, puntualiz\u00f3 Rodr\u00edguez.<\/p>\n\n\n\n<p>En este contexto, es relevante subrayar que estas acciones se realizan bajo la doctrina bolivariana, con la intenci\u00f3n de reafirmar que la Educaci\u00f3n es el pilar fundamental para el pa\u00eds, y que el destino de la Patria descansa en un sistema formativo s\u00f3lido y actualizado.<\/p>\n\n\n\n<p><strong>Prensa Presidencial\/ Irmary D\u00edaz<\/strong><\/p>\n","protected":false},"excerpt":{"rendered":"<p>Caracas, Venezuela. \u2013 Con el objetivo de fortalecer y optimizar el Sector Educativo del pa\u00eds, la presidenta Encargada de la Rep\u00fablica Bolivariana de Venezuela, Delcy Rodr\u00edguez, eval\u00fao junto al equipo del Ministerio del poder Popular para la Educaci\u00f3n y la Vicepresidencia Sectorial del Socialismo Social y Territorial, el Plan de Educaci\u00f3n Nacional. En este sentido, [&hellip;]<\/p>\n","protected":false},"author":15,"featured_media":43305,"comment_status":"open","ping_status":"open","sticky":false,"template":"","format":"standard","meta":{"footnotes":""},"categories":[18,7],"tags":[],"class_list":["post-43303","post","type-post","status-publish","format-standard","has-post-thumbnail","hentry","category-noticias-principales","category-notas-de-prensa"],"_links":{"self":[{"href":"https:\/\/prensapresidencialvenezuela.gob.ve\/index.php\/wp-json\/wp\/v2\/posts\/43303","targetHints":{"allow":["GET"]}}],"collection":[{"href":"https:\/\/prensapresidencialvenezuela.gob.ve\/index.php\/wp-json\/wp\/v2\/posts"}],"about":[{"href":"https:\/\/prensapresidencialvenezuela.gob.ve\/index.php\/wp-json\/wp\/v2\/types\/post"}],"author":[{"embeddable":true,"href":"https:\/\/prensapresidencialvenezuela.gob.ve\/index.php\/wp-json\/wp\/v2\/users\/15"}],"replies":[{"embeddable":true,"href":"https:\/\/prensapresidencialvenezuela.gob.ve\/index.php\/wp-json\/wp\/v2\/comments?post=43303"}],"version-history":[{"count":1,"href":"https:\/\/prensapresidencialvenezuela.gob.ve\/index.php\/wp-json\/wp\/v2\/posts\/43303\/revisions"}],"predecessor-version":[{"id":43306,"href":"https:\/\/prensapresidencialvenezuela.gob.ve\/index.php\/wp-json\/wp\/v2\/posts\/43303\/revisions\/43306"}],"wp:featuredmedia":[{"embeddable":true,"href":"https:\/\/prensapresidencialvenezuela.gob.ve\/index.php\/wp-json\/wp\/v2\/media\/43305"}],"wp:attachment":[{"href":"https:\/\/prensapresidencialvenezuela.gob.ve\/index.php\/wp-json\/wp\/v2\/media?parent=43303"}],"wp:term":[{"taxonomy":"category","embeddable":true,"href":"https:\/\/prensapresidencialvenezuela.gob.ve\/index.php\/wp-json\/wp\/v2\/categories?post=43303"},{"taxonomy":"post_tag","embeddable":true,"href":"https:\/\/prensapresidencialvenezuela.gob.ve\/index.php\/wp-json\/wp\/v2\/tags?post=43303"}],"curies":[{"name":"wp","href":"https:\/\/api.w.org\/{rel}","templated":true}]}}