{"id":43319,"date":"2026-03-17T15:10:47","date_gmt":"2026-03-17T19:10:47","guid":{"rendered":"https:\/\/prensapresidencialvenezuela.gob.ve\/?p=43319"},"modified":"2026-03-17T15:55:59","modified_gmt":"2026-03-17T19:55:59","slug":"presidenta-e-delcy-rodriguez-entrega-instalaciones-rehabilitadas-de-la-escuela-tecnica-industrial-luis-razetti-en-el-paraiso","status":"publish","type":"post","link":"https:\/\/prensapresidencialvenezuela.gob.ve\/index.php\/2026\/03\/17\/presidenta-e-delcy-rodriguez-entrega-instalaciones-rehabilitadas-de-la-escuela-tecnica-industrial-luis-razetti-en-el-paraiso\/","title":{"rendered":"Presidenta (E) Delcy Rodr\u00edguez entrega instalaciones rehabilitadas de la Escuela T\u00e9cnica Industrial Luis Razetti en El Para\u00edso"},"content":{"rendered":"\n<p><strong>Caracas, Venezuela.-<\/strong> La presidenta Encargada de la Rep\u00fablica Bolivariana de Venezuela, Delcy Rodr\u00edguez, encabez\u00f3 este lunes la entrega de la rehabilitaci\u00f3n integral de la Escuela T\u00e9cnica Industrial Luis Razetti, ubicada en el sector La Quebradita de la parroquia El Para\u00edso.<\/p>\n\n\n\n<p>Esta intervenci\u00f3n, ejecutada entre agosto de 2025 y marzo de 2026 por la Corporaci\u00f3n Juntos Todo es Posible, forma parte de los planes de atenci\u00f3n a las comunidades para garantizar espacios dignos y modernos para la formaci\u00f3n t\u00e9cnica de la juventud venezolana.<\/p>\n\n\n\n<p>Entre los trabajos realizados, destacan la impermeabilizaci\u00f3n de m\u00e1s de 3.000 metros cuadrados de techos, la recuperaci\u00f3n de fachadas y la renovaci\u00f3n total de los sistemas el\u00e9ctricos y de agua.<\/p>\n\n\n\n<p>Asimismo, se rehabilitaron las canchas deportivas, el comedor y m\u00e1s de 40 aulas, transformando el plantel en un centro educativo modelo que tambi\u00e9n servir\u00e1 de apoyo a la Base de Misiones de la comuna \u201cLa Quebradita\u201d.<\/p>\n\n\n\n<p>La instituci\u00f3n recibi\u00f3 adem\u00e1s una dotaci\u00f3n masiva de m\u00e1s de mobiliario escolar, equipos m\u00e9dicos para la atenci\u00f3n de los alumnos y herramientas tecnol\u00f3gicas entregadas por el Ministerio del Poder Popular para Ciencia y Tecnolog\u00eda.<\/p>\n\n\n\n<p>Esta obra beneficia directamente a casi 1.000 estudiantes y a m\u00e1s de 100 personas de la comunidad educativa.<\/p>\n\n\n\n<p><strong>Prensa Presidencial\/ Iliana Rosales<\/strong><\/p>\n\n\n\n<p><\/p>\n","protected":false},"excerpt":{"rendered":"<p>Caracas, Venezuela.- La presidenta Encargada de la Rep\u00fablica Bolivariana de Venezuela, Delcy Rodr\u00edguez, encabez\u00f3 este lunes la entrega de la rehabilitaci\u00f3n integral de la Escuela T\u00e9cnica Industrial Luis Razetti, ubicada en el sector La Quebradita de la parroquia El Para\u00edso. Esta intervenci\u00f3n, ejecutada entre agosto de 2025 y marzo de 2026 por la Corporaci\u00f3n Juntos [&hellip;]<\/p>\n","protected":false},"author":19,"featured_media":43328,"comment_status":"open","ping_status":"open","sticky":false,"template":"","format":"standard","meta":{"footnotes":""},"categories":[18,7],"tags":[122,1891,20],"class_list":["post-43319","post","type-post","status-publish","format-standard","has-post-thumbnail","hentry","category-noticias-principales","category-notas-de-prensa","tag-delcy-rodriguez","tag-presidenta-encargada-delcy-rodriguez","tag-venezuela"],"_links":{"self":[{"href":"https:\/\/prensapresidencialvenezuela.gob.ve\/index.php\/wp-json\/wp\/v2\/posts\/43319","targetHints":{"allow":["GET"]}}],"collection":[{"href":"https:\/\/prensapresidencialvenezuela.gob.ve\/index.php\/wp-json\/wp\/v2\/posts"}],"about":[{"href":"https:\/\/prensapresidencialvenezuela.gob.ve\/index.php\/wp-json\/wp\/v2\/types\/post"}],"author":[{"embeddable":true,"href":"https:\/\/prensapresidencialvenezuela.gob.ve\/index.php\/wp-json\/wp\/v2\/users\/19"}],"replies":[{"embeddable":true,"href":"https:\/\/prensapresidencialvenezuela.gob.ve\/index.php\/wp-json\/wp\/v2\/comments?post=43319"}],"version-history":[{"count":6,"href":"https:\/\/prensapresidencialvenezuela.gob.ve\/index.php\/wp-json\/wp\/v2\/posts\/43319\/revisions"}],"predecessor-version":[{"id":43344,"href":"https:\/\/prensapresidencialvenezuela.gob.ve\/index.php\/wp-json\/wp\/v2\/posts\/43319\/revisions\/43344"}],"wp:featuredmedia":[{"embeddable":true,"href":"https:\/\/prensapresidencialvenezuela.gob.ve\/index.php\/wp-json\/wp\/v2\/media\/43328"}],"wp:attachment":[{"href":"https:\/\/prensapresidencialvenezuela.gob.ve\/index.php\/wp-json\/wp\/v2\/media?parent=43319"}],"wp:term":[{"taxonomy":"category","embeddable":true,"href":"https:\/\/prensapresidencialvenezuela.gob.ve\/index.php\/wp-json\/wp\/v2\/categories?post=43319"},{"taxonomy":"post_tag","embeddable":true,"href":"https:\/\/prensapresidencialvenezuela.gob.ve\/index.php\/wp-json\/wp\/v2\/tags?post=43319"}],"curies":[{"name":"wp","href":"https:\/\/api.w.org\/{rel}","templated":true}]}}