{"id":43333,"date":"2026-03-17T15:32:43","date_gmt":"2026-03-17T19:32:43","guid":{"rendered":"https:\/\/prensapresidencialvenezuela.gob.ve\/?p=43333"},"modified":"2026-03-17T15:32:44","modified_gmt":"2026-03-17T19:32:44","slug":"gobierno-nacional-resalta-importancia-de-la-educacion-tecnica-como-motor-productivo","status":"publish","type":"post","link":"https:\/\/prensapresidencialvenezuela.gob.ve\/index.php\/2026\/03\/17\/gobierno-nacional-resalta-importancia-de-la-educacion-tecnica-como-motor-productivo\/","title":{"rendered":"Gobierno Nacional resalta importancia de la Educaci\u00f3n T\u00e9cnica como motor productivo"},"content":{"rendered":"\n<p><strong>Caracas, Venezuela. \u2013<\/strong> La presidenta Encargada de la Rep\u00fablica Bolivariana de Venezuela, Delcy Rodr\u00edguez, resalt\u00f3 durante la entrega de la infraestructura rehabilitada de la <strong><em>Escuela T\u00e9cnica Industrial \u00abLuis Razetti\u00bb<\/em><\/strong>, la importancia de la educaci\u00f3n t\u00e9cnica como motor productivo, a\u00f1adiendo que contribuyen al impulso de las \u00e1reas econ\u00f3micas, social y tur\u00edsticas del pa\u00eds.<\/p>\n\n\n\n<p>\u00abLas carreras t\u00e9cnicas significan un motor, un impulso al \u00e1rea socioecon\u00f3mica, a las \u00e1reas socio-productivas. Ustedes aqu\u00ed tienen menci\u00f3n econom\u00eda social, donde ven administraci\u00f3n, contabilidad, turismo, que es un motor de la econom\u00eda, el turismo\u00bb, destac\u00f3.<\/p>\n\n\n\n<p>Asimismo, manifest\u00f3 su alegr\u00eda por el nivel de formaci\u00f3n que reciben en el instituto t\u00e9cnico, donde egresan profesionalmente en las siguientes menciones: econom\u00eda social, en la que ven administraci\u00f3n, as\u00ed como contabilidad, turismo, puntos relevantes para el motor econ\u00f3mico y el turismo.<\/p>\n\n\n\n<p>En el mismo orden de ideas, la jefa de Estado encargada acot\u00f3 que, dentro de los planteamientos para forjar la experiencia de los egresados en la pr\u00e1ctica, est\u00e1 en conversaciones el hecho de que puedan ser pasantes en los proyectos comunales, de las empresas de producci\u00f3n social; y de esta manera puedan vivir diferentes experiencias.<\/p>\n\n\n\n<p>Aunado a ello, que los j\u00f3venes est\u00e9n vinculados a lo que es el colectivo organizado para generar una actividad productiva y que los dividendos sirvan para que \u00abesa actividad econ\u00f3mica colectiva se mantenga\u00bb.<\/p>\n\n\n\n<p>Por tanto, Rodr\u00edguez se\u00f1al\u00f3 que los estudiantes de la escuela t\u00e9cnica tendr\u00e1n a disposici\u00f3n para la pr\u00e1ctica, el \u00e1mbito p\u00fablico, privado y comunal; con la finalidad de tambi\u00e9n llevar todo lo que \u00abhan aprendido a esta hermos\u00edsima escuela t\u00e9cnica y de ah\u00ed en adelante a garantizar empleos como profesionales t\u00e9cnicos que ser\u00e1n\u00bb.<\/p>\n\n\n\n<p><strong>Prensa Presidencial\/ Irmary D\u00edaz<\/strong><\/p>\n","protected":false},"excerpt":{"rendered":"<p>Caracas, Venezuela. \u2013 La presidenta Encargada de la Rep\u00fablica Bolivariana de Venezuela, Delcy Rodr\u00edguez, resalt\u00f3 durante la entrega de la infraestructura rehabilitada de la Escuela T\u00e9cnica Industrial \u00abLuis Razetti\u00bb, la importancia de la educaci\u00f3n t\u00e9cnica como motor productivo, a\u00f1adiendo que contribuyen al impulso de las \u00e1reas econ\u00f3micas, social y tur\u00edsticas del pa\u00eds. \u00abLas carreras t\u00e9cnicas [&hellip;]<\/p>\n","protected":false},"author":15,"featured_media":43334,"comment_status":"open","ping_status":"open","sticky":false,"template":"","format":"standard","meta":{"footnotes":""},"categories":[18,7],"tags":[],"class_list":["post-43333","post","type-post","status-publish","format-standard","has-post-thumbnail","hentry","category-noticias-principales","category-notas-de-prensa"],"_links":{"self":[{"href":"https:\/\/prensapresidencialvenezuela.gob.ve\/index.php\/wp-json\/wp\/v2\/posts\/43333","targetHints":{"allow":["GET"]}}],"collection":[{"href":"https:\/\/prensapresidencialvenezuela.gob.ve\/index.php\/wp-json\/wp\/v2\/posts"}],"about":[{"href":"https:\/\/prensapresidencialvenezuela.gob.ve\/index.php\/wp-json\/wp\/v2\/types\/post"}],"author":[{"embeddable":true,"href":"https:\/\/prensapresidencialvenezuela.gob.ve\/index.php\/wp-json\/wp\/v2\/users\/15"}],"replies":[{"embeddable":true,"href":"https:\/\/prensapresidencialvenezuela.gob.ve\/index.php\/wp-json\/wp\/v2\/comments?post=43333"}],"version-history":[{"count":1,"href":"https:\/\/prensapresidencialvenezuela.gob.ve\/index.php\/wp-json\/wp\/v2\/posts\/43333\/revisions"}],"predecessor-version":[{"id":43335,"href":"https:\/\/prensapresidencialvenezuela.gob.ve\/index.php\/wp-json\/wp\/v2\/posts\/43333\/revisions\/43335"}],"wp:featuredmedia":[{"embeddable":true,"href":"https:\/\/prensapresidencialvenezuela.gob.ve\/index.php\/wp-json\/wp\/v2\/media\/43334"}],"wp:attachment":[{"href":"https:\/\/prensapresidencialvenezuela.gob.ve\/index.php\/wp-json\/wp\/v2\/media?parent=43333"}],"wp:term":[{"taxonomy":"category","embeddable":true,"href":"https:\/\/prensapresidencialvenezuela.gob.ve\/index.php\/wp-json\/wp\/v2\/categories?post=43333"},{"taxonomy":"post_tag","embeddable":true,"href":"https:\/\/prensapresidencialvenezuela.gob.ve\/index.php\/wp-json\/wp\/v2\/tags?post=43333"}],"curies":[{"name":"wp","href":"https:\/\/api.w.org\/{rel}","templated":true}]}}