{"id":43336,"date":"2026-03-17T15:34:06","date_gmt":"2026-03-17T19:34:06","guid":{"rendered":"https:\/\/prensapresidencialvenezuela.gob.ve\/?p=43336"},"modified":"2026-03-17T15:34:07","modified_gmt":"2026-03-17T19:34:07","slug":"presidenta-e-delcy-rodriguez-instruye-garantizar-espacios-de-formacion-profesional-para-la-juventud","status":"publish","type":"post","link":"https:\/\/prensapresidencialvenezuela.gob.ve\/index.php\/2026\/03\/17\/presidenta-e-delcy-rodriguez-instruye-garantizar-espacios-de-formacion-profesional-para-la-juventud\/","title":{"rendered":"Presidenta (E) Delcy Rodr\u00edguez instruye garantizar espacios de formaci\u00f3n profesional para la juventud"},"content":{"rendered":"\n<p><strong>Caracas, Venezuela. \u2013 <\/strong>Desde la <strong><em>Escuela T\u00e9cnica Industrial \u00abLuis Razetti\u00bb<\/em><\/strong>, la presidenta Encargada de la Rep\u00fablica Bolivariana de Venezuela, Delcy Rodr\u00edguez, instruy\u00f3 al ministro del Poder Popular para la Educaci\u00f3n, a realizar las coordinaciones pertinentes para la inserci\u00f3n inmediata de estudiantes en el sector productivo del pa\u00eds.<\/p>\n\n\n\n<p>Durante el desarrollo de la actividad, Rodr\u00edguez puntualiz\u00f3 que los enlaces deben realizarse con todas las empresas que tiene el sector p\u00fablico, desde las m\u00e1s estrat\u00e9gicas hasta las que \u00abtienen que ver con asuntos m\u00e1s peque\u00f1os de la vida econ\u00f3mica\u00bb, pero que tienen un gran impacto en el desarrollo econ\u00f3mico del pa\u00eds.<\/p>\n\n\n\n<p>Al respecto, la Mandataria Encargada realiz\u00f3 esta interrogante: \u00abpor qu\u00e9 los pasantes no van a Petr\u00f3leos de Venezuela, S.A. (PDVSA), no van a la Corporaci\u00f3n Venezolana de Guayana (CVG), no van a la f\u00e1brica de f\u00e1brica, H\u00e9ctor?\u00bb; refiriendo al mismo tiempo, que los j\u00f3venes que estar\u00e1n siendo egresados de las escuelas t\u00e9cnicas pueden llevar los conocimientos que han adquirido, a las diferentes \u00e1reas estrat\u00e9gicas de las empresas del pa\u00eds, como pasantes.<\/p>\n\n\n\n<p>La Dra. Delcy Rodr\u00edguez tambi\u00e9n destac\u00f3 los sectores en los que pueden acudir los estudiantes para la formaci\u00f3n pr\u00e1ctica:<\/p>\n\n\n\n<ul class=\"wp-block-list\">\n<li><strong>Sector P\u00fablico:<\/strong> Acceso a pasant\u00edas en empresas estrat\u00e9gicas como PDVSA y la CVG.<\/li>\n\n\n\n<li><strong>Sector Comunal:<\/strong> Formaci\u00f3n en proyectos de empresas de producci\u00f3n social para aprender la gesti\u00f3n econ\u00f3mica colectiva.<\/li>\n\n\n\n<li><strong>Sector Privado:<\/strong> Alianzas para garantizar que el conocimiento t\u00e9cnico se aplique en el campo laboral actual.<\/li>\n<\/ul>\n\n\n\n<p>Adem\u00e1s, la Presidenta Encargada subray\u00f3 que las menciones de <strong><em>Turismo, Administraci\u00f3n, Contabilidad y Telem\u00e1tica <\/em><\/strong>son pilares para el desarrollo de la Naci\u00f3n, subrayando que el objetivo es que los j\u00f3venes no solo se grad\u00faen, sino que se conviertan en los profesionales que impulsen el turismo nacional y la soberan\u00eda tecnol\u00f3gica del pa\u00eds.<\/p>\n\n\n\n<p><strong>Prensa Presidencial\/ Irmary D\u00edaz<\/strong><\/p>\n","protected":false},"excerpt":{"rendered":"<p>Caracas, Venezuela. \u2013 Desde la Escuela T\u00e9cnica Industrial \u00abLuis Razetti\u00bb, la presidenta Encargada de la Rep\u00fablica Bolivariana de Venezuela, Delcy Rodr\u00edguez, instruy\u00f3 al ministro del Poder Popular para la Educaci\u00f3n, a realizar las coordinaciones pertinentes para la inserci\u00f3n inmediata de estudiantes en el sector productivo del pa\u00eds. Durante el desarrollo de la actividad, Rodr\u00edguez puntualiz\u00f3 [&hellip;]<\/p>\n","protected":false},"author":15,"featured_media":43338,"comment_status":"open","ping_status":"open","sticky":false,"template":"","format":"standard","meta":{"footnotes":""},"categories":[18,7],"tags":[],"class_list":["post-43336","post","type-post","status-publish","format-standard","has-post-thumbnail","hentry","category-noticias-principales","category-notas-de-prensa"],"_links":{"self":[{"href":"https:\/\/prensapresidencialvenezuela.gob.ve\/index.php\/wp-json\/wp\/v2\/posts\/43336","targetHints":{"allow":["GET"]}}],"collection":[{"href":"https:\/\/prensapresidencialvenezuela.gob.ve\/index.php\/wp-json\/wp\/v2\/posts"}],"about":[{"href":"https:\/\/prensapresidencialvenezuela.gob.ve\/index.php\/wp-json\/wp\/v2\/types\/post"}],"author":[{"embeddable":true,"href":"https:\/\/prensapresidencialvenezuela.gob.ve\/index.php\/wp-json\/wp\/v2\/users\/15"}],"replies":[{"embeddable":true,"href":"https:\/\/prensapresidencialvenezuela.gob.ve\/index.php\/wp-json\/wp\/v2\/comments?post=43336"}],"version-history":[{"count":1,"href":"https:\/\/prensapresidencialvenezuela.gob.ve\/index.php\/wp-json\/wp\/v2\/posts\/43336\/revisions"}],"predecessor-version":[{"id":43339,"href":"https:\/\/prensapresidencialvenezuela.gob.ve\/index.php\/wp-json\/wp\/v2\/posts\/43336\/revisions\/43339"}],"wp:featuredmedia":[{"embeddable":true,"href":"https:\/\/prensapresidencialvenezuela.gob.ve\/index.php\/wp-json\/wp\/v2\/media\/43338"}],"wp:attachment":[{"href":"https:\/\/prensapresidencialvenezuela.gob.ve\/index.php\/wp-json\/wp\/v2\/media?parent=43336"}],"wp:term":[{"taxonomy":"category","embeddable":true,"href":"https:\/\/prensapresidencialvenezuela.gob.ve\/index.php\/wp-json\/wp\/v2\/categories?post=43336"},{"taxonomy":"post_tag","embeddable":true,"href":"https:\/\/prensapresidencialvenezuela.gob.ve\/index.php\/wp-json\/wp\/v2\/tags?post=43336"}],"curies":[{"name":"wp","href":"https:\/\/api.w.org\/{rel}","templated":true}]}}