{"id":4344,"date":"2023-01-10T00:32:21","date_gmt":"2023-01-10T00:32:21","guid":{"rendered":"http:\/\/172.27.0.121\/?p=4344"},"modified":"2023-01-10T00:32:21","modified_gmt":"2023-01-10T00:32:21","slug":"extrema-derecha-busca-detener-procesos-de-reivindicacion-popular-en-la-region","status":"publish","type":"post","link":"https:\/\/prensapresidencialvenezuela.gob.ve\/index.php\/2023\/01\/10\/extrema-derecha-busca-detener-procesos-de-reivindicacion-popular-en-la-region\/","title":{"rendered":"Extrema derecha busca detener procesos de reivindicaci\u00f3n popular en la Regi\u00f3n"},"content":{"rendered":"\n<p><strong>Palacio de Miraflores, Caracas.- <\/strong>El presidente de la Rep\u00fablica Bolivariana de Venezuela, Nicol\u00e1s Maduro Moros, asever\u00f3 que el objetivo de las maniobras desestabilizadoras, perpetradas por sectores de la extrema derecha contra gobiernos democr\u00e1ticos, es detener los procesos de reivindicaci\u00f3n popular en Am\u00e9rica Latina y el Caribe.<\/p>\n\n\n\n<p>\u00abDetener los procesos de uni\u00f3n, integraci\u00f3n,&nbsp; acercamiento que ya comienzan a tomar una nueva velocidad y una nueva din\u00e1mica, detener los procesos de reivindicaci\u00f3n popular, detener los procesos de uni\u00f3n de Am\u00e9rica Latina y el Caribe es el objetivo del asalto al poder en Brasil, en Venezuela, en Bolivia, en toda Am\u00e9rica Latina y El Caribe\u00bb, denunci\u00f3.<\/p>\n\n\n\n<p>Detall\u00f3 que actos neofascistas como el ocurrido este domingo en Brasil son una expresi\u00f3n del extremismo \u00abque pretende cortarle las manos al pueblo y que no se inicien procesos de cambio necesarios para reivindicar los derechos sociales, las condiciones de vida de los pueblos, que no se construya una Am\u00e9rica latino caribe\u00f1a unida\u00bb.<\/p>\n\n\n\n<p>En relaci\u00f3n al frustrado asalto al poder en Brasilia, el jefe de Estado repudi\u00f3 nuevamente las acciones de los partidarios del expresidente Jair Bolsonaro, quienes irrumpieron en los edificios del Palacio de Planalto, el Congreso Nacional y el Supremo Tribunal Federal.<\/p>\n\n\n\n<p>\u201cNosotros de aqu\u00ed, desde este acto solemne de notificaci\u00f3n del inicio del a\u00f1o legislativo por parte de la Asamblea Nacional, enviamos todo nuestro apoyo al presidente de Brasil, Luiz In\u00e1cio Lula da Silva, a la democracia brasilera y repudiamos el asalto a las instituciones p\u00fablicas por parte de los grupos neonazis neofascista del bolsonarismo\u201d.<\/p>\n\n\n\n<p><strong>Prensa Presidencial \/ Eduardo Hueck<\/strong><\/p>\n","protected":false},"excerpt":{"rendered":"<p>Palacio de Miraflores, Caracas.- El presidente de la Rep\u00fablica Bolivariana de Venezuela, Nicol\u00e1s Maduro Moros, asever\u00f3 que el objetivo de las maniobras desestabilizadoras, perpetradas por sectores de la extrema derecha contra gobiernos democr\u00e1ticos, es detener los procesos de reivindicaci\u00f3n popular en Am\u00e9rica Latina y el Caribe. \u00abDetener los procesos de uni\u00f3n, integraci\u00f3n,&nbsp; acercamiento que ya [&hellip;]<\/p>\n","protected":false},"author":6,"featured_media":4345,"comment_status":"open","ping_status":"open","sticky":false,"template":"","format":"standard","meta":{"footnotes":""},"categories":[18,7],"tags":[92,30,19,27,20],"class_list":["post-4344","post","type-post","status-publish","format-standard","has-post-thumbnail","hentry","category-noticias-principales","category-notas-de-prensa","tag-an","tag-destacado","tag-nicolas-maduro","tag-revolucion-bolivariana","tag-venezuela"],"_links":{"self":[{"href":"https:\/\/prensapresidencialvenezuela.gob.ve\/index.php\/wp-json\/wp\/v2\/posts\/4344","targetHints":{"allow":["GET"]}}],"collection":[{"href":"https:\/\/prensapresidencialvenezuela.gob.ve\/index.php\/wp-json\/wp\/v2\/posts"}],"about":[{"href":"https:\/\/prensapresidencialvenezuela.gob.ve\/index.php\/wp-json\/wp\/v2\/types\/post"}],"author":[{"embeddable":true,"href":"https:\/\/prensapresidencialvenezuela.gob.ve\/index.php\/wp-json\/wp\/v2\/users\/6"}],"replies":[{"embeddable":true,"href":"https:\/\/prensapresidencialvenezuela.gob.ve\/index.php\/wp-json\/wp\/v2\/comments?post=4344"}],"version-history":[{"count":1,"href":"https:\/\/prensapresidencialvenezuela.gob.ve\/index.php\/wp-json\/wp\/v2\/posts\/4344\/revisions"}],"predecessor-version":[{"id":4346,"href":"https:\/\/prensapresidencialvenezuela.gob.ve\/index.php\/wp-json\/wp\/v2\/posts\/4344\/revisions\/4346"}],"wp:featuredmedia":[{"embeddable":true,"href":"https:\/\/prensapresidencialvenezuela.gob.ve\/index.php\/wp-json\/wp\/v2\/media\/4345"}],"wp:attachment":[{"href":"https:\/\/prensapresidencialvenezuela.gob.ve\/index.php\/wp-json\/wp\/v2\/media?parent=4344"}],"wp:term":[{"taxonomy":"category","embeddable":true,"href":"https:\/\/prensapresidencialvenezuela.gob.ve\/index.php\/wp-json\/wp\/v2\/categories?post=4344"},{"taxonomy":"post_tag","embeddable":true,"href":"https:\/\/prensapresidencialvenezuela.gob.ve\/index.php\/wp-json\/wp\/v2\/tags?post=4344"}],"curies":[{"name":"wp","href":"https:\/\/api.w.org\/{rel}","templated":true}]}}