{"id":4357,"date":"2023-01-10T23:44:02","date_gmt":"2023-01-10T23:44:02","guid":{"rendered":"http:\/\/172.27.0.121\/?p=4357"},"modified":"2023-01-10T23:44:02","modified_gmt":"2023-01-10T23:44:02","slug":"jefe-de-estado-recibe-las-cartas-credenciales-del-embajador-de-la-republica-de-sri-lanka","status":"publish","type":"post","link":"https:\/\/prensapresidencialvenezuela.gob.ve\/index.php\/2023\/01\/10\/jefe-de-estado-recibe-las-cartas-credenciales-del-embajador-de-la-republica-de-sri-lanka\/","title":{"rendered":"Jefe de Estado recibe las cartas credenciales del Embajador de la Rep\u00fablica de Sri Lanka"},"content":{"rendered":"\n<p><strong>Palacio de Miraflores, Caracas.- <\/strong>El presidente de la Rep\u00fablica, Nicol\u00e1s Maduro Moros, recibe la tarde de este martes las cartas credenciales que acreditan al Embajador designado de la Rep\u00fablica Democr\u00e1tica Socialista de Sri Lanka ante la Rep\u00fablica Bolivariana de Venezuela, Lakshithapradeepratnayake.<\/p>\n\n\n\n<p>El acto, que se lleva a cabo en el Sal\u00f3n Sol del Per\u00fa del Palacio de Miraflores, reafirma los lazos de hermandad y solidaridad entre ambas naciones.<\/p>\n\n\n\n<p>El Jefe de Estado y de Gobierno se encuentra acompa\u00f1ado or la vicepresidenta ejecutiva, Delcy Rodr\u00edguez, y el canciller de la Rep\u00fablica, Yv\u00e1n Gil, entre otras autoridades del Ejecutivo Nacional.<\/p>\n\n\n\n<p>Desde 1998 hasta el 2005, Lakshithapradeepratnayake se ha desempe\u00f1ado en importantes cargos en el Ministerio de Relaciones Exteriores de de la Rep\u00fablica Democr\u00e1tica SocIliat de Sri Lanka.<\/p>\n\n\n\n<p>Venezuela y Sri Lanka mantienen relaciones de respeto y cooperaci\u00f3n en materia textil y de juventud y deporte.<\/p>\n\n\n\n<p>&nbsp;En enero de 2022, Sri Lanka expres\u00f3&nbsp; el inter\u00e9s de su pa\u00eds de promover y fomentar una \u00f3ptima relaci\u00f3n de amistad y cooperaci\u00f3n con el pa\u00eds latinoamericano.<\/p>\n\n\n\n<p>Ante esta premisa, Venezuela reiter\u00f3 su voluntad de promover los lazos de amistad entre ambos pa\u00edses, en aras de lograr un mayor acercamiento con la naci\u00f3n surasi\u00e1tica.<\/p>\n\n\n\n<p><strong>Prensa Presidencial\/Karla Cotoret<\/strong><\/p>\n","protected":false},"excerpt":{"rendered":"<p>Palacio de Miraflores, Caracas.- El presidente de la Rep\u00fablica, Nicol\u00e1s Maduro Moros, recibe la tarde de este martes las cartas credenciales que acreditan al Embajador designado de la Rep\u00fablica Democr\u00e1tica Socialista de Sri Lanka ante la Rep\u00fablica Bolivariana de Venezuela, Lakshithapradeepratnayake. El acto, que se lleva a cabo en el Sal\u00f3n Sol del Per\u00fa del [&hellip;]<\/p>\n","protected":false},"author":6,"featured_media":4358,"comment_status":"open","ping_status":"open","sticky":false,"template":"","format":"standard","meta":{"footnotes":""},"categories":[18,7],"tags":[30,38,19,27,96,20],"class_list":["post-4357","post","type-post","status-publish","format-standard","has-post-thumbnail","hentry","category-noticias-principales","category-notas-de-prensa","tag-destacado","tag-diplomacia-bolivariana-de-paz","tag-nicolas-maduro","tag-revolucion-bolivariana","tag-sri-lanka","tag-venezuela"],"_links":{"self":[{"href":"https:\/\/prensapresidencialvenezuela.gob.ve\/index.php\/wp-json\/wp\/v2\/posts\/4357","targetHints":{"allow":["GET"]}}],"collection":[{"href":"https:\/\/prensapresidencialvenezuela.gob.ve\/index.php\/wp-json\/wp\/v2\/posts"}],"about":[{"href":"https:\/\/prensapresidencialvenezuela.gob.ve\/index.php\/wp-json\/wp\/v2\/types\/post"}],"author":[{"embeddable":true,"href":"https:\/\/prensapresidencialvenezuela.gob.ve\/index.php\/wp-json\/wp\/v2\/users\/6"}],"replies":[{"embeddable":true,"href":"https:\/\/prensapresidencialvenezuela.gob.ve\/index.php\/wp-json\/wp\/v2\/comments?post=4357"}],"version-history":[{"count":1,"href":"https:\/\/prensapresidencialvenezuela.gob.ve\/index.php\/wp-json\/wp\/v2\/posts\/4357\/revisions"}],"predecessor-version":[{"id":4359,"href":"https:\/\/prensapresidencialvenezuela.gob.ve\/index.php\/wp-json\/wp\/v2\/posts\/4357\/revisions\/4359"}],"wp:featuredmedia":[{"embeddable":true,"href":"https:\/\/prensapresidencialvenezuela.gob.ve\/index.php\/wp-json\/wp\/v2\/media\/4358"}],"wp:attachment":[{"href":"https:\/\/prensapresidencialvenezuela.gob.ve\/index.php\/wp-json\/wp\/v2\/media?parent=4357"}],"wp:term":[{"taxonomy":"category","embeddable":true,"href":"https:\/\/prensapresidencialvenezuela.gob.ve\/index.php\/wp-json\/wp\/v2\/categories?post=4357"},{"taxonomy":"post_tag","embeddable":true,"href":"https:\/\/prensapresidencialvenezuela.gob.ve\/index.php\/wp-json\/wp\/v2\/tags?post=4357"}],"curies":[{"name":"wp","href":"https:\/\/api.w.org\/{rel}","templated":true}]}}