{"id":4363,"date":"2023-01-19T17:48:35","date_gmt":"2023-01-19T17:48:35","guid":{"rendered":"http:\/\/172.27.0.121\/?p=4363"},"modified":"2023-01-19T17:48:35","modified_gmt":"2023-01-19T17:48:35","slug":"presidente-maduro-celebra-reeleccion-del-primer-ministro-de-antigua-y-barbuda","status":"publish","type":"post","link":"https:\/\/prensapresidencialvenezuela.gob.ve\/index.php\/2023\/01\/19\/presidente-maduro-celebra-reeleccion-del-primer-ministro-de-antigua-y-barbuda\/","title":{"rendered":"Presidente Maduro celebra reelecci\u00f3n del Primer Ministro de Antigua y Barbuda"},"content":{"rendered":"\n<p><strong>Palacio de Miraflores, Caracas.-<\/strong> El jefe de Estado y de Gobierno venezolano, Nicol\u00e1s Maduro, celebr\u00f3 este jueves la reelecci\u00f3n del Primer Ministro de Antigua y Barbuda, Gaston Browne.<\/p>\n\n\n\n<p>\u201cVenezuela saluda y aplaude la exitosa jornada electoral que se llev\u00f3 a cabo el mi\u00e9rcoles #18Ene en Antigua y Barbuda, donde result\u00f3 reelecto para un tercer mandato el Primer Ministro Gaston Browne del Partido Laborista (ABLP) \u00a1Nuestras sinceras felicitaciones para todo su pueblo!\u201d, expres\u00f3 el Presidente a trav\u00e9s de un mensaje publicado en su cuenta oficial de la red social Twitter @NicolasMaduro.<\/p>\n\n\n\n<p>El Primer Ministro de Antigua y Barbuda, logr\u00f3 un hist\u00f3rico tercer mandato consecutivo tras la victoria obtenida por el Partido Laborista de Antigua y Barbuda (ABLP, por sus siglas en ingl\u00e9s) &nbsp;en las elecciones generales, donde gan\u00f3 nueve de los 17 esca\u00f1os en juego, seg\u00fan los resultados preliminares publicados en esta jornada.<\/p>\n\n\n\n<p>M\u00e1s temprano, la Canciller\u00eda de la Rep\u00fablica public\u00f3 un Comunicado oficial del Estado venezolano, en el cual el Mandatario nacional aplaudi\u00f3 la muestra de civismo manifestada el pasado mi\u00e9rcoles.<\/p>\n\n\n\n<p>&nbsp;\u201cVenezuela aplaude la actitud c\u00edvica y democr\u00e1tica del Pueblo antiguano, quienes ejercieron su derecho y voluntad como ciudadanos, depositando su confianza en la actual gesti\u00f3n\u201d, reza el documento oficial.<\/p>\n\n\n\n<p>De igual manera, reiter\u00f3 la intenci\u00f3n de reforzar las alianzas estrat\u00e9gicas entre ambas naciones, en el marco de la autodeterminaci\u00f3n de los pueblos y la Diplomacia Bolivariana de Paz.<\/p>\n\n\n\n<p>\u201cLa Rep\u00fablica Bolivariana de Venezuela aprovecha esta ocasi\u00f3n para manifestar nuestra voluntad de reforzar los lazos de amistad y cooperaci\u00f3n, as\u00ed como tambi\u00e9n continuar impulsando la integraci\u00f3n regional, en pro de la construcci\u00f3n del Gran Caribe\u201d, subray\u00f3.<\/p>\n\n\n\n<p>Caracas y Saint John han afianzado sus compromisos bilaterales en los \u00faltimos a\u00f1os, en el marco del mecanismo de integraci\u00f3n de la Alianza Bolivariana para los Pueblos de Nuestra Am\u00e9rica \u2013 Tratado de Comercio de los Pueblos (ALBA -TCP), la Comunidad de Estados Latinoamericanos y Caribe\u00f1os (CELAC); y los nexos de cooperaci\u00f3n energ\u00e9tica enmarcados en Petrocaribe.<\/p>\n\n\n\n<p>En el contexto de la XXVII Conferencia de la Convenci\u00f3n Marco de las Naciones Unidas sobre el Cambio Clim\u00e1tico (COP27), realizada en la ciudad egipcia de Sharm El Sheikh, el presidente Nicol\u00e1s Maduro se reuni\u00f3 con el primer ministro antiguano, Gaston Browne, encuentro en el que priorizaron la revisi\u00f3n de los acuerdos y proyectos que ambos pa\u00edses adelantan.<\/p>\n\n\n\n<p>Durante la jornada, ratificaron el pleno inter\u00e9s de sus pa\u00edses en continuar avanzando en el desarrollo social, econ\u00f3mico y cultural.<\/p>\n\n\n\n<p><strong>Prensa Presidencial\/Karla Cotoret<\/strong><\/p>\n","protected":false},"excerpt":{"rendered":"<p>Palacio de Miraflores, Caracas.- El jefe de Estado y de Gobierno venezolano, Nicol\u00e1s Maduro, celebr\u00f3 este jueves la reelecci\u00f3n del Primer Ministro de Antigua y Barbuda, Gaston Browne. \u201cVenezuela saluda y aplaude la exitosa jornada electoral que se llev\u00f3 a cabo el mi\u00e9rcoles #18Ene en Antigua y Barbuda, donde result\u00f3 reelecto para un tercer mandato [&hellip;]<\/p>\n","protected":false},"author":6,"featured_media":4364,"comment_status":"open","ping_status":"open","sticky":false,"template":"","format":"standard","meta":{"footnotes":""},"categories":[18,7],"tags":[98,38,19,27,20],"class_list":["post-4363","post","type-post","status-publish","format-standard","has-post-thumbnail","hentry","category-noticias-principales","category-notas-de-prensa","tag-antigua-y-barbuda","tag-diplomacia-bolivariana-de-paz","tag-nicolas-maduro","tag-revolucion-bolivariana","tag-venezuela"],"_links":{"self":[{"href":"https:\/\/prensapresidencialvenezuela.gob.ve\/index.php\/wp-json\/wp\/v2\/posts\/4363","targetHints":{"allow":["GET"]}}],"collection":[{"href":"https:\/\/prensapresidencialvenezuela.gob.ve\/index.php\/wp-json\/wp\/v2\/posts"}],"about":[{"href":"https:\/\/prensapresidencialvenezuela.gob.ve\/index.php\/wp-json\/wp\/v2\/types\/post"}],"author":[{"embeddable":true,"href":"https:\/\/prensapresidencialvenezuela.gob.ve\/index.php\/wp-json\/wp\/v2\/users\/6"}],"replies":[{"embeddable":true,"href":"https:\/\/prensapresidencialvenezuela.gob.ve\/index.php\/wp-json\/wp\/v2\/comments?post=4363"}],"version-history":[{"count":1,"href":"https:\/\/prensapresidencialvenezuela.gob.ve\/index.php\/wp-json\/wp\/v2\/posts\/4363\/revisions"}],"predecessor-version":[{"id":4365,"href":"https:\/\/prensapresidencialvenezuela.gob.ve\/index.php\/wp-json\/wp\/v2\/posts\/4363\/revisions\/4365"}],"wp:featuredmedia":[{"embeddable":true,"href":"https:\/\/prensapresidencialvenezuela.gob.ve\/index.php\/wp-json\/wp\/v2\/media\/4364"}],"wp:attachment":[{"href":"https:\/\/prensapresidencialvenezuela.gob.ve\/index.php\/wp-json\/wp\/v2\/media?parent=4363"}],"wp:term":[{"taxonomy":"category","embeddable":true,"href":"https:\/\/prensapresidencialvenezuela.gob.ve\/index.php\/wp-json\/wp\/v2\/categories?post=4363"},{"taxonomy":"post_tag","embeddable":true,"href":"https:\/\/prensapresidencialvenezuela.gob.ve\/index.php\/wp-json\/wp\/v2\/tags?post=4363"}],"curies":[{"name":"wp","href":"https:\/\/api.w.org\/{rel}","templated":true}]}}