{"id":4381,"date":"2023-01-20T00:16:43","date_gmt":"2023-01-20T00:16:43","guid":{"rendered":"http:\/\/172.27.0.121\/?p=4381"},"modified":"2023-01-20T00:16:43","modified_gmt":"2023-01-20T00:16:43","slug":"en-claves-conozca-los-anuncios-realizados-por-el-presidente-maduro-a-favor-de-la-comunidad-evangelica","status":"publish","type":"post","link":"https:\/\/prensapresidencialvenezuela.gob.ve\/index.php\/2023\/01\/20\/en-claves-conozca-los-anuncios-realizados-por-el-presidente-maduro-a-favor-de-la-comunidad-evangelica\/","title":{"rendered":"EN CLAVES | Conozca los anuncios realizados por el presidente Maduro a favor de la comunidad evang\u00e9lica"},"content":{"rendered":"\n<p><strong>Fuerte Tiuna, Caracas.- <\/strong>El presidente de la Rep\u00fablica Bolivariana de Venezuela, Nicol\u00e1s Maduro, encabez\u00f3 un encuentro de espiritualidad y paz, con los l\u00edderes y lideresas del Movimiento Evang\u00e9lico Cristiano de Venezuela.<\/p>\n\n\n\n<p>Conozca a continuaci\u00f3n los anuncios realizados por el Mandatario nacional durante la conmemoraci\u00f3n del D\u00eda Nacional de la Pastora y el Pastor Cristiano Evang\u00e9lico.<\/p>\n\n\n\n<ul class=\"wp-block-list\"><li>Se crea el Programa Iglesia Social que tiene como objetivo ser un medio de apoyo para la poblaci\u00f3n m\u00e1s vulnerable, el mismo prestar\u00e1 atenci\u00f3n integral a trav\u00e9s del Sistema Patria, casas de alimentaci\u00f3n, donaciones y ayudas sociales.<\/li><li>Nace el Movimiento Coraz\u00f3n Cristiano, cuya finalidad es fomentar espacios de encuentro de diferentes grupos de apostolados e iglesias cristianas en todo el territorio nacional.<\/li><li>La Comisi\u00f3n Nacional de Telecomunicaciones de Venezuela (CONATEL) instalar\u00e1 una mesa t\u00e9cnica para garantizar el acceso de la comunidad cristiana evang\u00e9lica a la radiodifusi\u00f3n.<\/li><li>Se pone en marcha el plan \u201cMi Iglesia Bien Equipada\u201d a fin de restaurar y dotar a templos, iglesias y casas parroquiales de espacios dignos en los cuales los creyentes puedan ir al encuentro con Dios.<\/li><\/ul>\n\n\n\n<p>Adem\u00e1s, el presidente Maduro solicit\u00f3 tender puentes para unir al pueblo venezolano en valores que apunten a la defensa de la paz y la armon\u00eda de los ciudadanos.<\/p>\n\n\n\n<p>\u201cForjar en valores y unirnos, el que cree de una manera y de otra, siempre trazar puentes para unirnos y ver con los ojos de Dios, que son los ojos de la justicia, la raz\u00f3n y el entendimiento, para buscar la armon\u00eda, la reconciliaci\u00f3n profunda del coraz\u00f3n de todos los venezolanos y venezolanas\u201d, expres\u00f3.<\/p>\n\n\n\n<p><strong>Prensa Presidencial<\/strong><\/p>\n","protected":false},"excerpt":{"rendered":"<p>Fuerte Tiuna, Caracas.- El presidente de la Rep\u00fablica Bolivariana de Venezuela, Nicol\u00e1s Maduro, encabez\u00f3 un encuentro de espiritualidad y paz, con los l\u00edderes y lideresas del Movimiento Evang\u00e9lico Cristiano de Venezuela. Conozca a continuaci\u00f3n los anuncios realizados por el Mandatario nacional durante la conmemoraci\u00f3n del D\u00eda Nacional de la Pastora y el Pastor Cristiano Evang\u00e9lico. [&hellip;]<\/p>\n","protected":false},"author":6,"featured_media":4367,"comment_status":"open","ping_status":"open","sticky":false,"template":"","format":"standard","meta":{"footnotes":""},"categories":[18,7],"tags":[30,19,27,20],"class_list":["post-4381","post","type-post","status-publish","format-standard","has-post-thumbnail","hentry","category-noticias-principales","category-notas-de-prensa","tag-destacado","tag-nicolas-maduro","tag-revolucion-bolivariana","tag-venezuela"],"_links":{"self":[{"href":"https:\/\/prensapresidencialvenezuela.gob.ve\/index.php\/wp-json\/wp\/v2\/posts\/4381","targetHints":{"allow":["GET"]}}],"collection":[{"href":"https:\/\/prensapresidencialvenezuela.gob.ve\/index.php\/wp-json\/wp\/v2\/posts"}],"about":[{"href":"https:\/\/prensapresidencialvenezuela.gob.ve\/index.php\/wp-json\/wp\/v2\/types\/post"}],"author":[{"embeddable":true,"href":"https:\/\/prensapresidencialvenezuela.gob.ve\/index.php\/wp-json\/wp\/v2\/users\/6"}],"replies":[{"embeddable":true,"href":"https:\/\/prensapresidencialvenezuela.gob.ve\/index.php\/wp-json\/wp\/v2\/comments?post=4381"}],"version-history":[{"count":1,"href":"https:\/\/prensapresidencialvenezuela.gob.ve\/index.php\/wp-json\/wp\/v2\/posts\/4381\/revisions"}],"predecessor-version":[{"id":4383,"href":"https:\/\/prensapresidencialvenezuela.gob.ve\/index.php\/wp-json\/wp\/v2\/posts\/4381\/revisions\/4383"}],"wp:featuredmedia":[{"embeddable":true,"href":"https:\/\/prensapresidencialvenezuela.gob.ve\/index.php\/wp-json\/wp\/v2\/media\/4367"}],"wp:attachment":[{"href":"https:\/\/prensapresidencialvenezuela.gob.ve\/index.php\/wp-json\/wp\/v2\/media?parent=4381"}],"wp:term":[{"taxonomy":"category","embeddable":true,"href":"https:\/\/prensapresidencialvenezuela.gob.ve\/index.php\/wp-json\/wp\/v2\/categories?post=4381"},{"taxonomy":"post_tag","embeddable":true,"href":"https:\/\/prensapresidencialvenezuela.gob.ve\/index.php\/wp-json\/wp\/v2\/tags?post=4381"}],"curies":[{"name":"wp","href":"https:\/\/api.w.org\/{rel}","templated":true}]}}