{"id":4395,"date":"2023-01-12T17:15:00","date_gmt":"2023-01-12T17:15:00","guid":{"rendered":"http:\/\/172.27.0.121\/?p=4395"},"modified":"2023-01-21T14:02:05","modified_gmt":"2023-01-21T14:02:05","slug":"cuatro-etapas-definen-el-devenir-historico-de-la-revolucion-bolivariana","status":"publish","type":"post","link":"https:\/\/prensapresidencialvenezuela.gob.ve\/index.php\/2023\/01\/12\/cuatro-etapas-definen-el-devenir-historico-de-la-revolucion-bolivariana\/","title":{"rendered":"Cuatro etapas definen el devenir hist\u00f3rico de la Revoluci\u00f3n Bolivariana"},"content":{"rendered":"\n<p><strong>Palacio Federal Legislativo, Caracas.-<\/strong>&nbsp;El presidente de la Rep\u00fablica, Nicol\u00e1s Maduro, explic\u00f3 que la Revoluci\u00f3n Bolivariana ha experimentado cuatro etapas en su devenir hist\u00f3rico desde la llegada al poder del Comandante Hugo Ch\u00e1vez en el a\u00f1o 1999.<\/p>\n\n\n\n<p>Durante el Mensaje Anual a la Naci\u00f3n, el Dignatario detall\u00f3 que la primera etapa estuvo marcada por las rebeliones antiimperialistas (1989, 1992, 1999), siendo \u201cun momento hist\u00f3rico lleno de violencia, dolor, pero tambi\u00e9n lleno de incertidumbre y de esperanza\u201d.<\/p>\n\n\n\n<p>Destac\u00f3 que en este periodo no exist\u00edan instituciones de derechos humanos \u201cque defendieran al pueblo venezolano, era el sistema c\u00f3mplice interamericano que tapaba los cr\u00edmenes que se comet\u00edan en nuestros pa\u00edses en aquella \u00e9poca\u201d.<\/p>\n\n\n\n<p>Asimismo, acot\u00f3 que fue en 1992 cuando comenz\u00f3 a levantarse el nuevo bolivarianismo, \u201cun proyecto signado por el rescate de las ra\u00edces profundas de los procesos socio hist\u00f3ricos venezolanos y con un profundo contenido popular justiciero, reivindicativo e igualitario\u201d.<\/p>\n\n\n\n<p>La segunda etapa (1992-2013), denominada la refundaci\u00f3n creadora, democr\u00e1tica y popular, la cual ocupa un espacio singular \u201cporque es cuando florece un liderazgo imponente y de mayor impacto hist\u00f3rico en Venezuela, Am\u00e9rica Latina y en el mundo como fue el impacto creador del Comandante Hugo Ch\u00e1vez\u201d.<\/p>\n\n\n\n<p>Esta etapa estuvo marcada por la fuerza y la potencialidad econ\u00f3mica, pol\u00edtica, social, cultural, educativa e ideol\u00f3gica del bolivarianismo del siglo XXI, \u201cdel Proyecto Nacional Sim\u00f3n Bol\u00edvar\u201d.<\/p>\n\n\n\n<p>La tercera etapa llamada resistencia heroica (2013-2020), un periodo caracterizado por las agresiones hacia Venezuela \u201cy que el pueblo ha enfrentado con la paz y la producci\u00f3n (\u2026) en esta \u00e9poca los sectores econ\u00f3micos y sociales enfrentaron las medidas coercitivas unilaterales y el bloqueo del imperio\u201d.<\/p>\n\n\n\n<p>Asimismo, explic\u00f3 que la cuarta etapa es la del renacimiento que forma parte la celebraci\u00f3n del Bicentenario de la Batalla de Carabobo, y representa \u201cel punto de no retorno de la Revoluci\u00f3n Bolivariana\u201d.<\/p>\n\n\n\n<p>\u201cNuestra Revoluci\u00f3n naci\u00f3 de la mano del pueblo, del voto del pueblo, de la soberan\u00eda popular, por conciencia, estrategia, responsabilidad y direccionalidad de un gran l\u00edder de un gran hombre nuestro Comandante Ch\u00e1vez\u201d.<\/p>\n\n\n\n<p><strong>Prensa Presidencial \/ Joelin Jim\u00e9nez<\/strong><\/p>\n","protected":false},"excerpt":{"rendered":"<p>Palacio Federal Legislativo, Caracas.-&nbsp;El presidente de la Rep\u00fablica, Nicol\u00e1s Maduro, explic\u00f3 que la Revoluci\u00f3n Bolivariana ha experimentado cuatro etapas en su devenir hist\u00f3rico desde la llegada al poder del Comandante Hugo Ch\u00e1vez en el a\u00f1o 1999. Durante el Mensaje Anual a la Naci\u00f3n, el Dignatario detall\u00f3 que la primera etapa estuvo marcada por las rebeliones [&hellip;]<\/p>\n","protected":false},"author":6,"featured_media":4396,"comment_status":"open","ping_status":"open","sticky":false,"template":"","format":"standard","meta":{"footnotes":""},"categories":[18,7],"tags":[30,99,19,27,20],"class_list":["post-4395","post","type-post","status-publish","format-standard","has-post-thumbnail","hentry","category-noticias-principales","category-notas-de-prensa","tag-destacado","tag-mensaje-anual-a-la-nacionn","tag-nicolas-maduro","tag-revolucion-bolivariana","tag-venezuela"],"_links":{"self":[{"href":"https:\/\/prensapresidencialvenezuela.gob.ve\/index.php\/wp-json\/wp\/v2\/posts\/4395","targetHints":{"allow":["GET"]}}],"collection":[{"href":"https:\/\/prensapresidencialvenezuela.gob.ve\/index.php\/wp-json\/wp\/v2\/posts"}],"about":[{"href":"https:\/\/prensapresidencialvenezuela.gob.ve\/index.php\/wp-json\/wp\/v2\/types\/post"}],"author":[{"embeddable":true,"href":"https:\/\/prensapresidencialvenezuela.gob.ve\/index.php\/wp-json\/wp\/v2\/users\/6"}],"replies":[{"embeddable":true,"href":"https:\/\/prensapresidencialvenezuela.gob.ve\/index.php\/wp-json\/wp\/v2\/comments?post=4395"}],"version-history":[{"count":1,"href":"https:\/\/prensapresidencialvenezuela.gob.ve\/index.php\/wp-json\/wp\/v2\/posts\/4395\/revisions"}],"predecessor-version":[{"id":4397,"href":"https:\/\/prensapresidencialvenezuela.gob.ve\/index.php\/wp-json\/wp\/v2\/posts\/4395\/revisions\/4397"}],"wp:featuredmedia":[{"embeddable":true,"href":"https:\/\/prensapresidencialvenezuela.gob.ve\/index.php\/wp-json\/wp\/v2\/media\/4396"}],"wp:attachment":[{"href":"https:\/\/prensapresidencialvenezuela.gob.ve\/index.php\/wp-json\/wp\/v2\/media?parent=4395"}],"wp:term":[{"taxonomy":"category","embeddable":true,"href":"https:\/\/prensapresidencialvenezuela.gob.ve\/index.php\/wp-json\/wp\/v2\/categories?post=4395"},{"taxonomy":"post_tag","embeddable":true,"href":"https:\/\/prensapresidencialvenezuela.gob.ve\/index.php\/wp-json\/wp\/v2\/tags?post=4395"}],"curies":[{"name":"wp","href":"https:\/\/api.w.org\/{rel}","templated":true}]}}