{"id":4398,"date":"2023-01-12T17:20:00","date_gmt":"2023-01-12T17:20:00","guid":{"rendered":"http:\/\/172.27.0.121\/?p=4398"},"modified":"2023-01-21T14:05:06","modified_gmt":"2023-01-21T14:05:06","slug":"las-alarmas-estan-encendidas-frente-a-las-derechas-extremistas-en-la-region","status":"publish","type":"post","link":"https:\/\/prensapresidencialvenezuela.gob.ve\/index.php\/2023\/01\/12\/las-alarmas-estan-encendidas-frente-a-las-derechas-extremistas-en-la-region\/","title":{"rendered":"Las alarmas est\u00e1n encendidas frente a las derechas extremistas en la regi\u00f3n"},"content":{"rendered":"\n<p><strong>Palacio Federal Legislativo, Caracas. \u2013&nbsp;<\/strong>El presidente de la Rep\u00fablica Bolivariana de Venezuela, Nicol\u00e1s Maduro, subray\u00f3 que en Am\u00e9rica Latina y el Caribe todav\u00eda est\u00e1n encendidas las alarmas ante las derechas extremistas que act\u00faan en funci\u00f3n de romper las reglas de juego de la democracia.<\/p>\n\n\n\n<p>En su Mensaje Anual a la Naci\u00f3n, el jefe de Estado venezolano coloc\u00f3 en el debate este tema en momentos en que se contin\u00faan generando golpes de Estado en Am\u00e9rica Latina, en los que la derecha extremista figura como protagonista.<\/p>\n\n\n\n<p>\u201cHoy nosotros vemos golpes de Estado en Am\u00e9rica Latina, hoy nosotros vemos a una derecha extremista, en Brasil, la llaman bolsonarista, aqu\u00ed la llamaban, hasta hace unos d\u00edas, guaidocista. Ll\u00e1menla como quieran llamarla, esa derecha extremista, se\u00f1ores embajadores, embajadoras, tuvo una fuente de la cual bebi\u00f3; y la fuente en la que se aliment\u00f3 toda la derecha extremista que ha roto las reglas de juego de la democracia es la derecha extremista que surgi\u00f3 en Venezuela\u201d, ejemplific\u00f3 el Mandatario venezolano desde el Palacio Federal Legislativo, ubicado en Caracas<\/p>\n\n\n\n<p>El Dignatario ratific\u00f3 su cuestionamiento al manifestar que esta realidad se vincula al extremismo ideol\u00f3gico y pol\u00edtico, as\u00ed como al odio y la intolerancia, como pr\u00e1ctica pol\u00edtica, que est\u00e1 caracterizada por \u201cla ruptura de las reglas de juego y el golpismo en todas sus expresiones, sus formas, que puede llegar hasta intervencionismo extranjero como ha llegado en Venezuela, en alg\u00fan momento\u201d.<\/p>\n\n\n\n<p>Alert\u00f3 que, as\u00ed como en Venezuela surgi\u00f3 la primera Revoluci\u00f3n Popular del Siglo XXI, tambi\u00e9n fue en la naci\u00f3n suramericana que germin\u00f3 la contrarrevoluci\u00f3n golpista y la derecha extremista que ha contaminado y envenenado a toda la derecha de Am\u00e9rica Latina y del Caribe.<\/p>\n\n\n\n<p>\u201cEnfrentamos su odio, sus campa\u00f1as, su intolerancia. Siempre ha sabido el pueblo con paciencia estrat\u00e9gica manejar los conflictos, con sabidur\u00eda\u201d porque \u201csiempre supo nuestro pueblo, con la Constituci\u00f3n en la mano, defender la democracia, la soberan\u00eda nacional y es por eso, el milagro que en el mundo no esperaban las derechas\u201d.<\/p>\n\n\n\n<p>Record\u00f3, en esa l\u00ednea, cuando \u201cel comandante Ch\u00e1vez fue derrocado aquel 2002, aquel 11 y 12 de abril, Venezuela volvi\u00f3 a ver una insurrecci\u00f3n perfecta porque fue una insurrecci\u00f3n popular y militar en el marco de la Constituci\u00f3n que logr\u00f3 el milagro del rescate con vida del comandante Ch\u00e1vez y el rescate de las instituciones venezolanas\u201d.<\/p>\n\n\n\n<p><strong>Prensa Presidencial \/ Ana\u00eds P\u00e9rez<\/strong><\/p>\n","protected":false},"excerpt":{"rendered":"<p>Palacio Federal Legislativo, Caracas. \u2013&nbsp;El presidente de la Rep\u00fablica Bolivariana de Venezuela, Nicol\u00e1s Maduro, subray\u00f3 que en Am\u00e9rica Latina y el Caribe todav\u00eda est\u00e1n encendidas las alarmas ante las derechas extremistas que act\u00faan en funci\u00f3n de romper las reglas de juego de la democracia. En su Mensaje Anual a la Naci\u00f3n, el jefe de Estado [&hellip;]<\/p>\n","protected":false},"author":6,"featured_media":4399,"comment_status":"open","ping_status":"open","sticky":false,"template":"","format":"standard","meta":{"footnotes":""},"categories":[18,7],"tags":[30,99,19,27,20],"class_list":["post-4398","post","type-post","status-publish","format-standard","has-post-thumbnail","hentry","category-noticias-principales","category-notas-de-prensa","tag-destacado","tag-mensaje-anual-a-la-nacionn","tag-nicolas-maduro","tag-revolucion-bolivariana","tag-venezuela"],"_links":{"self":[{"href":"https:\/\/prensapresidencialvenezuela.gob.ve\/index.php\/wp-json\/wp\/v2\/posts\/4398","targetHints":{"allow":["GET"]}}],"collection":[{"href":"https:\/\/prensapresidencialvenezuela.gob.ve\/index.php\/wp-json\/wp\/v2\/posts"}],"about":[{"href":"https:\/\/prensapresidencialvenezuela.gob.ve\/index.php\/wp-json\/wp\/v2\/types\/post"}],"author":[{"embeddable":true,"href":"https:\/\/prensapresidencialvenezuela.gob.ve\/index.php\/wp-json\/wp\/v2\/users\/6"}],"replies":[{"embeddable":true,"href":"https:\/\/prensapresidencialvenezuela.gob.ve\/index.php\/wp-json\/wp\/v2\/comments?post=4398"}],"version-history":[{"count":1,"href":"https:\/\/prensapresidencialvenezuela.gob.ve\/index.php\/wp-json\/wp\/v2\/posts\/4398\/revisions"}],"predecessor-version":[{"id":4400,"href":"https:\/\/prensapresidencialvenezuela.gob.ve\/index.php\/wp-json\/wp\/v2\/posts\/4398\/revisions\/4400"}],"wp:featuredmedia":[{"embeddable":true,"href":"https:\/\/prensapresidencialvenezuela.gob.ve\/index.php\/wp-json\/wp\/v2\/media\/4399"}],"wp:attachment":[{"href":"https:\/\/prensapresidencialvenezuela.gob.ve\/index.php\/wp-json\/wp\/v2\/media?parent=4398"}],"wp:term":[{"taxonomy":"category","embeddable":true,"href":"https:\/\/prensapresidencialvenezuela.gob.ve\/index.php\/wp-json\/wp\/v2\/categories?post=4398"},{"taxonomy":"post_tag","embeddable":true,"href":"https:\/\/prensapresidencialvenezuela.gob.ve\/index.php\/wp-json\/wp\/v2\/tags?post=4398"}],"curies":[{"name":"wp","href":"https:\/\/api.w.org\/{rel}","templated":true}]}}