{"id":4422,"date":"2023-01-12T17:50:00","date_gmt":"2023-01-12T17:50:00","guid":{"rendered":"http:\/\/172.27.0.121\/?p=4422"},"modified":"2023-01-21T14:27:04","modified_gmt":"2023-01-21T14:27:04","slug":"presidente-maduro-ratifica-plena-confianza-en-las-fuerzas-productivas-de-venezuela","status":"publish","type":"post","link":"https:\/\/prensapresidencialvenezuela.gob.ve\/index.php\/2023\/01\/12\/presidente-maduro-ratifica-plena-confianza-en-las-fuerzas-productivas-de-venezuela\/","title":{"rendered":"Presidente Maduro ratifica plena confianza en las fuerzas productivas de Venezuela"},"content":{"rendered":"\n<p><strong>Palacio Federal Legislativo, Caracas.-&nbsp;<\/strong>Venezuela tiene la capacidad \u00abpara producir todo lo que necesita para vivir\u00bb, subray\u00f3 el presidente de la Rep\u00fablica, Nicol\u00e1s Madurol, al ratificar sus plena confianza en las fuerzas productivas del pa\u00eds a todo nivel.<\/p>\n\n\n\n<p>Escucha aqu\u00ed:<\/p>\n\n\n\n<figure class=\"wp-block-audio\"><audio controls src=\"https:\/\/prensapresidencialvenezuela.gob.ve\/wp-content\/uploads\/2023\/01\/CONFIO-EN-LA-FUERZA-PRODUCTIVA-DE-VENEZUELA.mp3\"><\/audio><\/figure>\n\n\n\n<p><\/p>\n","protected":false},"excerpt":{"rendered":"<p>Palacio Federal Legislativo, Caracas.-&nbsp;Venezuela tiene la capacidad \u00abpara producir todo lo que necesita para vivir\u00bb, subray\u00f3 el presidente de la Rep\u00fablica, Nicol\u00e1s Madurol, al ratificar sus plena confianza en las fuerzas productivas del pa\u00eds a todo nivel. Escucha aqu\u00ed:<\/p>\n","protected":false},"author":6,"featured_media":4423,"comment_status":"open","ping_status":"open","sticky":false,"template":"","format":"standard","meta":{"footnotes":""},"categories":[18,3],"tags":[30,99,19,27,20],"class_list":["post-4422","post","type-post","status-publish","format-standard","has-post-thumbnail","hentry","category-noticias-principales","category-contenido-de-audios","tag-destacado","tag-mensaje-anual-a-la-nacionn","tag-nicolas-maduro","tag-revolucion-bolivariana","tag-venezuela"],"_links":{"self":[{"href":"https:\/\/prensapresidencialvenezuela.gob.ve\/index.php\/wp-json\/wp\/v2\/posts\/4422","targetHints":{"allow":["GET"]}}],"collection":[{"href":"https:\/\/prensapresidencialvenezuela.gob.ve\/index.php\/wp-json\/wp\/v2\/posts"}],"about":[{"href":"https:\/\/prensapresidencialvenezuela.gob.ve\/index.php\/wp-json\/wp\/v2\/types\/post"}],"author":[{"embeddable":true,"href":"https:\/\/prensapresidencialvenezuela.gob.ve\/index.php\/wp-json\/wp\/v2\/users\/6"}],"replies":[{"embeddable":true,"href":"https:\/\/prensapresidencialvenezuela.gob.ve\/index.php\/wp-json\/wp\/v2\/comments?post=4422"}],"version-history":[{"count":1,"href":"https:\/\/prensapresidencialvenezuela.gob.ve\/index.php\/wp-json\/wp\/v2\/posts\/4422\/revisions"}],"predecessor-version":[{"id":4424,"href":"https:\/\/prensapresidencialvenezuela.gob.ve\/index.php\/wp-json\/wp\/v2\/posts\/4422\/revisions\/4424"}],"wp:featuredmedia":[{"embeddable":true,"href":"https:\/\/prensapresidencialvenezuela.gob.ve\/index.php\/wp-json\/wp\/v2\/media\/4423"}],"wp:attachment":[{"href":"https:\/\/prensapresidencialvenezuela.gob.ve\/index.php\/wp-json\/wp\/v2\/media?parent=4422"}],"wp:term":[{"taxonomy":"category","embeddable":true,"href":"https:\/\/prensapresidencialvenezuela.gob.ve\/index.php\/wp-json\/wp\/v2\/categories?post=4422"},{"taxonomy":"post_tag","embeddable":true,"href":"https:\/\/prensapresidencialvenezuela.gob.ve\/index.php\/wp-json\/wp\/v2\/tags?post=4422"}],"curies":[{"name":"wp","href":"https:\/\/api.w.org\/{rel}","templated":true}]}}