{"id":4428,"date":"2023-01-16T18:00:00","date_gmt":"2023-01-16T18:00:00","guid":{"rendered":"http:\/\/172.27.0.121\/?p=4428"},"modified":"2023-01-21T14:31:21","modified_gmt":"2023-01-21T14:31:21","slug":"presidente-maduro-dirige-reunion-con-el-alto-mando-politico-militar","status":"publish","type":"post","link":"https:\/\/prensapresidencialvenezuela.gob.ve\/index.php\/2023\/01\/16\/presidente-maduro-dirige-reunion-con-el-alto-mando-politico-militar\/","title":{"rendered":"Presidente Maduro dirige reuni\u00f3n con el Alto Mando Pol\u00edtico \u2013 Militar"},"content":{"rendered":"\n<p><strong>Waraira Repano, Caracas.-&nbsp;<\/strong>En un encuentro destinado a definir estrategias en el contexto de las seis l\u00edneas de trabajo para el 2023, el presidente de la Rep\u00fablica, Nicol\u00e1s Maduro, dirige este lunes una reuni\u00f3n con integrantes del Alto Mando Pol\u00edtico y Militar de la Revoluci\u00f3n Bolivariana.<\/p>\n\n\n\n<p>El di\u00e1logo que se realiza en el Parque Nacional Waraira Repano, ubicado en Caracas, sucede tres d\u00edas despu\u00e9s del Mensaje Anual a la Naci\u00f3n, correspondiente al a\u00f1o 2022, en el que se delinearon seis grandes temas relacionados a econom\u00eda, protecci\u00f3n integral, Poder Popular, seguridad y garant\u00eda de justicia, independencia y descolonizaci\u00f3n; y consolidaci\u00f3n de la Patria Grande.<\/p>\n\n\n\n<p>La jornada tambi\u00e9n ser\u00e1 propicia para afinar acciones en funci\u00f3n de vincular los esfuerzos del Gobierno Nacional a las necesidades reales del pueblo.<\/p>\n\n\n\n<p>Acompa\u00f1an al Jefe de Estado, la primera combatiente de la Rep\u00fablica y diputada a la Asamblea Nacional, Cilia Flores; vicepresidentes sectoriales de Gobierno;&nbsp; integrantes del Alto Mando Militar de la Fuerza Armada Nacional Bolivariana (FANB), as\u00ed como gobernadores y alcaldes de las ciudades principales.<\/p>\n\n\n\n<p>Igualmente, intervienen el primer vicepresidente del Partido Socialista Unido de Venezuela (PSUV), Diosdado Cabello; y los integrantes del Bur\u00f3 Pol\u00edtico, Jorge Rodr\u00edguez y Delcy Rodr\u00edguez.<\/p>\n\n\n\n<p>En representaci\u00f3n del Gran Polo Patri\u00f3tico (GPP) asisten secretarios generales de los partidos pol\u00edticos, as\u00ed como enlaces estadales del PSUV.<\/p>\n\n\n\n<p><strong>Prensa Presidencial \/ Karelis Gonz\u00e1lez<\/strong><\/p>\n","protected":false},"excerpt":{"rendered":"<p>Waraira Repano, Caracas.-&nbsp;En un encuentro destinado a definir estrategias en el contexto de las seis l\u00edneas de trabajo para el 2023, el presidente de la Rep\u00fablica, Nicol\u00e1s Maduro, dirige este lunes una reuni\u00f3n con integrantes del Alto Mando Pol\u00edtico y Militar de la Revoluci\u00f3n Bolivariana. El di\u00e1logo que se realiza en el Parque Nacional Waraira [&hellip;]<\/p>\n","protected":false},"author":6,"featured_media":4429,"comment_status":"open","ping_status":"open","sticky":false,"template":"","format":"standard","meta":{"footnotes":""},"categories":[18,7],"tags":[30,19,27,20],"class_list":["post-4428","post","type-post","status-publish","format-standard","has-post-thumbnail","hentry","category-noticias-principales","category-notas-de-prensa","tag-destacado","tag-nicolas-maduro","tag-revolucion-bolivariana","tag-venezuela"],"_links":{"self":[{"href":"https:\/\/prensapresidencialvenezuela.gob.ve\/index.php\/wp-json\/wp\/v2\/posts\/4428","targetHints":{"allow":["GET"]}}],"collection":[{"href":"https:\/\/prensapresidencialvenezuela.gob.ve\/index.php\/wp-json\/wp\/v2\/posts"}],"about":[{"href":"https:\/\/prensapresidencialvenezuela.gob.ve\/index.php\/wp-json\/wp\/v2\/types\/post"}],"author":[{"embeddable":true,"href":"https:\/\/prensapresidencialvenezuela.gob.ve\/index.php\/wp-json\/wp\/v2\/users\/6"}],"replies":[{"embeddable":true,"href":"https:\/\/prensapresidencialvenezuela.gob.ve\/index.php\/wp-json\/wp\/v2\/comments?post=4428"}],"version-history":[{"count":1,"href":"https:\/\/prensapresidencialvenezuela.gob.ve\/index.php\/wp-json\/wp\/v2\/posts\/4428\/revisions"}],"predecessor-version":[{"id":4430,"href":"https:\/\/prensapresidencialvenezuela.gob.ve\/index.php\/wp-json\/wp\/v2\/posts\/4428\/revisions\/4430"}],"wp:featuredmedia":[{"embeddable":true,"href":"https:\/\/prensapresidencialvenezuela.gob.ve\/index.php\/wp-json\/wp\/v2\/media\/4429"}],"wp:attachment":[{"href":"https:\/\/prensapresidencialvenezuela.gob.ve\/index.php\/wp-json\/wp\/v2\/media?parent=4428"}],"wp:term":[{"taxonomy":"category","embeddable":true,"href":"https:\/\/prensapresidencialvenezuela.gob.ve\/index.php\/wp-json\/wp\/v2\/categories?post=4428"},{"taxonomy":"post_tag","embeddable":true,"href":"https:\/\/prensapresidencialvenezuela.gob.ve\/index.php\/wp-json\/wp\/v2\/tags?post=4428"}],"curies":[{"name":"wp","href":"https:\/\/api.w.org\/{rel}","templated":true}]}}