{"id":4434,"date":"2023-01-17T18:10:00","date_gmt":"2023-01-17T18:10:00","guid":{"rendered":"http:\/\/172.27.0.121\/?p=4434"},"modified":"2023-01-21T14:58:53","modified_gmt":"2023-01-21T14:58:53","slug":"presidente-clausura-iv-congreso-de-los-consejos-productivos-de-trabajadores-y-trabajadoras","status":"publish","type":"post","link":"https:\/\/prensapresidencialvenezuela.gob.ve\/index.php\/2023\/01\/17\/presidente-clausura-iv-congreso-de-los-consejos-productivos-de-trabajadores-y-trabajadoras\/","title":{"rendered":"Presidente clausura IV Congreso de los Consejos Productivos de Trabajadores y Trabajadoras"},"content":{"rendered":"\n<p><strong>San Francisco de Yare, Estado Miranda. \u2013<\/strong>&nbsp;El presidente de la Rep\u00fablica Bolivariana de Venezuela, Nicol\u00e1s Maduro, lidera la Clausura del IV Congreso de los Consejos Productivos de Trabajadores y Trabajadoras (CPTT), desde la Planta Socialista Tuyero- Coveplast, en la parroquia San Francisco de Yare, estado Miranda.<\/p>\n\n\n\n<p>En las cinco mesas de trabajo que se levantaron ayer durante la instalaci\u00f3n de este encuentro surgieron un conjunto de conclusiones derivadas de los Consejos Productivos de Trabajadores y Trabajadoras, las cuales ser\u00e1n elevadas al Jefe de Estado venezolano.<\/p>\n\n\n\n<p>En la mesa tecnol\u00f3gica, los integrantes mostraron las inventivas; en la mesa de formaci\u00f3n emergi\u00f3 la propuesta de crear un sistema de formaci\u00f3n de una plataforma digital abierta de autoformaci\u00f3n; y en el \u00e1rea del reglamento se debatieron las normativas del mismo.<\/p>\n\n\n\n<p>Tambi\u00e9n se adelant\u00f3 en el debate del Manuel de Salas de Batalla Productiva, as\u00ed como la definici\u00f3n de la gu\u00eda t\u00e9cnica de funcionamiento de cada CPTT.<\/p>\n\n\n\n<p>El Congreso de la Clase Obrera es una puerta que se ha abierto en Revoluci\u00f3n Bolivariana, mediante la cual los trabajadores y trabajadoras son escuchados en el contexto del nuevo modelo de gesti\u00f3n participativa y protag\u00f3nica de la clase obrera, con voz y voto para tener poder de decidir en las empresas, desde el punto de vista administrativo y productivo.<\/p>\n\n\n\n<p>Estos debates se generan en un momento en el que Venezuela protagoniza el levantamiento del aparato productivo de la naci\u00f3n, una premisa que no claudica pese a todas las sanciones ilegales contra el pa\u00eds, frente a lo cual ha prevalecido el ingenio y la capacidad productiva que tienen los trabajadores venezolanos, actor fundamental en el sistema de gesti\u00f3n nuevo y eficaz.<\/p>\n\n\n\n<p>Ayer, desde la instalaci\u00f3n del IV Congreso de la Clase Obrera, m\u00e1s de 600 trabajadores participaron en las mesas de trabajo, para impulsar y evaluar los procesos de producci\u00f3n, abastecimiento, comercializaci\u00f3n y distribuci\u00f3n de los bienes y servicios de la poblaci\u00f3n venezolana.<\/p>\n\n\n\n<p>M\u00e1s temprano, el Dignatario venezolano destac\u00f3 que&nbsp; el Congreso de los Consejos Productivos de Trabajadores y Trabajadoras tienen la tarea de construir un nuevo modelo de gesti\u00f3n productivo y eficaz.<\/p>\n\n\n\n<p>\u00abLos CPTT tienen la tarea de construir un nuevo modelo de gesti\u00f3n productivo, eficiente, eficaz, honesto, democr\u00e1tico, de alto nivel cient\u00edfico y tecnol\u00f3gico, que responda al Socialismo Bolivariano. Tenemos que dar pasos agigantados para cumplir con esta tarea.\u00bb, escribi\u00f3&nbsp; el Jefe de Estado a trav\u00e9s de su cuenta de la red social de Twitter @NicolasMaduro.<\/p>\n\n\n\n<p>Acompa\u00f1an al Mandatario nacional Delcy Rodr\u00edguez, Vicepresidenta Ejecutiva de la Rep\u00fablica; Tareck El Aissami, Vicepresidente Sectorial de Econom\u00eda y Ministro del Poder Popular de Petr\u00f3leo y Francisco Torrealba, ministro del Poder Popular para el Proceso Social del Trabajo, entre otras autoridades del equipo de gobierno.<\/p>\n\n\n\n<p><strong>Prensa Presidencial\/ Anais P\u00e9rez<\/strong><\/p>\n","protected":false},"excerpt":{"rendered":"<p>San Francisco de Yare, Estado Miranda. \u2013&nbsp;El presidente de la Rep\u00fablica Bolivariana de Venezuela, Nicol\u00e1s Maduro, lidera la Clausura del IV Congreso de los Consejos Productivos de Trabajadores y Trabajadoras (CPTT), desde la Planta Socialista Tuyero- Coveplast, en la parroquia San Francisco de Yare, estado Miranda. En las cinco mesas de trabajo que se levantaron [&hellip;]<\/p>\n","protected":false},"author":6,"featured_media":4435,"comment_status":"open","ping_status":"open","sticky":false,"template":"","format":"standard","meta":{"footnotes":""},"categories":[18,7],"tags":[71,30,21,27,20],"class_list":["post-4434","post","type-post","status-publish","format-standard","has-post-thumbnail","hentry","category-noticias-principales","category-notas-de-prensa","tag-cpt","tag-destacado","tag-economia-venezolana","tag-revolucion-bolivariana","tag-venezuela"],"_links":{"self":[{"href":"https:\/\/prensapresidencialvenezuela.gob.ve\/index.php\/wp-json\/wp\/v2\/posts\/4434","targetHints":{"allow":["GET"]}}],"collection":[{"href":"https:\/\/prensapresidencialvenezuela.gob.ve\/index.php\/wp-json\/wp\/v2\/posts"}],"about":[{"href":"https:\/\/prensapresidencialvenezuela.gob.ve\/index.php\/wp-json\/wp\/v2\/types\/post"}],"author":[{"embeddable":true,"href":"https:\/\/prensapresidencialvenezuela.gob.ve\/index.php\/wp-json\/wp\/v2\/users\/6"}],"replies":[{"embeddable":true,"href":"https:\/\/prensapresidencialvenezuela.gob.ve\/index.php\/wp-json\/wp\/v2\/comments?post=4434"}],"version-history":[{"count":1,"href":"https:\/\/prensapresidencialvenezuela.gob.ve\/index.php\/wp-json\/wp\/v2\/posts\/4434\/revisions"}],"predecessor-version":[{"id":4436,"href":"https:\/\/prensapresidencialvenezuela.gob.ve\/index.php\/wp-json\/wp\/v2\/posts\/4434\/revisions\/4436"}],"wp:featuredmedia":[{"embeddable":true,"href":"https:\/\/prensapresidencialvenezuela.gob.ve\/index.php\/wp-json\/wp\/v2\/media\/4435"}],"wp:attachment":[{"href":"https:\/\/prensapresidencialvenezuela.gob.ve\/index.php\/wp-json\/wp\/v2\/media?parent=4434"}],"wp:term":[{"taxonomy":"category","embeddable":true,"href":"https:\/\/prensapresidencialvenezuela.gob.ve\/index.php\/wp-json\/wp\/v2\/categories?post=4434"},{"taxonomy":"post_tag","embeddable":true,"href":"https:\/\/prensapresidencialvenezuela.gob.ve\/index.php\/wp-json\/wp\/v2\/tags?post=4434"}],"curies":[{"name":"wp","href":"https:\/\/api.w.org\/{rel}","templated":true}]}}