{"id":4440,"date":"2023-01-17T18:20:00","date_gmt":"2023-01-17T18:20:00","guid":{"rendered":"http:\/\/172.27.0.121\/?p=4440"},"modified":"2023-01-21T15:02:40","modified_gmt":"2023-01-21T15:02:40","slug":"presidente-llama-a-defender-la-paz-de-venezuela","status":"publish","type":"post","link":"https:\/\/prensapresidencialvenezuela.gob.ve\/index.php\/2023\/01\/17\/presidente-llama-a-defender-la-paz-de-venezuela\/","title":{"rendered":"Presidente llama a defender la paz de Venezuela"},"content":{"rendered":"\n<p><strong>San Francisco de Yare, estado Miranda. \u2013<\/strong>&nbsp;El presidente de la Rep\u00fablica Bolivariana de Venezuela, Nicol\u00e1s Maduro Moros, llam\u00f3 al pueblo a estar alerta y defender la paz de la naci\u00f3n.<\/p>\n\n\n\n<p>\u201cLlamo a la clase obrera venezolana, a los trabajadores y trabajadoras, a ponerse de pie para defender el derecho a la paz, a la tranquilidad, a la armon\u00eda nacional, para la recuperaci\u00f3n econ\u00f3mica y en contra de las sanciones criminales. Llamo a la clase obrera y el pueblo: \u00a1Alerta pueblo! \u00a1Alerta Patria!\u201d.<\/p>\n\n\n\n<p>Inst\u00f3 a los hombres y mujeres a enfrentar con la verdad a la manipulaci\u00f3n, a la mentira y a la conspiraci\u00f3n, al tiempo que reiter\u00f3 su apoyo a la clase obrera del pa\u00eds.<\/p>\n\n\n\n<p>\u201cSoy el Presidente obrero, el Presidente de la clase obrera, el Presidente antiimperialista, que ha enfrentado el imperialismo y lo va seguir enfrentando con la verdad de Venezuela, con la dignidad del pueblo de Venezuela\u201d, subray\u00f3.<\/p>\n\n\n\n<p>El Jefe de Estado indic\u00f3 que la derecha pro imperialista ha subestimado a la clase obrera venezolana y que, a pesar de lo que planifiquen, no podr\u00e1n con las mujeres y hombres trabajadores de la Patria.<\/p>\n\n\n\n<p>\u201cCon nosotros no han podido, no podr\u00e1n jam\u00e1s, hagan lo que hagan, digan lo que digan, se muevan o no se muevan, no podr\u00e1n con la Revoluci\u00f3n Bolivariana del siglo XXI, no podr\u00e1n con la clase obrera, no han podido ni podr\u00e1n jam\u00e1s, por donde vengan, como vengan, la victoria nos pertenece\u201d, subray\u00f3.<\/p>\n\n\n\n<p><strong>Disminuci\u00f3n de ingresos<\/strong><\/p>\n\n\n\n<p>\u201cHemos dejado de percibir un total de 232 mil millones de d\u00f3lares en los \u00faltimos 6 a\u00f1os\u201d, denunci\u00f3 Maduro al recordar que, producto de las medidas coercitivas unilaterales impuestas por el gobierno estadounidense, el pa\u00eds perdi\u00f3 el 99% del ingreso nacional.<\/p>\n\n\n\n<p>Este hecho (las sanciones) ha quebrantado el ingreso de los trabajadores y trabajadoras que &nbsp;\u201chemos defendido de mil maneras y lo vamos a seguir defendiendo\u201d.<\/p>\n\n\n\n<p>Durante la clausura el IV Congreso de la Clase Obrera el Jefe de Estado destac\u00f3 que \u201csi hoy podemos tener 2.372 Consejos Productivos de Trabajadores y Trabajadoras activados, produciendo, empoderados, es porque nosotros hemos transitado un camino de 33 a\u00f1os de manera perseverante, inteligente, organizados, empoderados y con claridad del proyecto de futuro que es el socialismo bolivariano, revolucionario, cristiano del siglo XXI\u201d.<\/p>\n\n\n\n<p><strong>Prensa Presidencial \/ Eduardo Hueck<\/strong><\/p>\n","protected":false},"excerpt":{"rendered":"<p>San Francisco de Yare, estado Miranda. \u2013&nbsp;El presidente de la Rep\u00fablica Bolivariana de Venezuela, Nicol\u00e1s Maduro Moros, llam\u00f3 al pueblo a estar alerta y defender la paz de la naci\u00f3n. \u201cLlamo a la clase obrera venezolana, a los trabajadores y trabajadoras, a ponerse de pie para defender el derecho a la paz, a la tranquilidad, [&hellip;]<\/p>\n","protected":false},"author":6,"featured_media":4441,"comment_status":"open","ping_status":"open","sticky":false,"template":"","format":"standard","meta":{"footnotes":""},"categories":[18,7],"tags":[71,30,21,19,27,20],"class_list":["post-4440","post","type-post","status-publish","format-standard","has-post-thumbnail","hentry","category-noticias-principales","category-notas-de-prensa","tag-cpt","tag-destacado","tag-economia-venezolana","tag-nicolas-maduro","tag-revolucion-bolivariana","tag-venezuela"],"_links":{"self":[{"href":"https:\/\/prensapresidencialvenezuela.gob.ve\/index.php\/wp-json\/wp\/v2\/posts\/4440","targetHints":{"allow":["GET"]}}],"collection":[{"href":"https:\/\/prensapresidencialvenezuela.gob.ve\/index.php\/wp-json\/wp\/v2\/posts"}],"about":[{"href":"https:\/\/prensapresidencialvenezuela.gob.ve\/index.php\/wp-json\/wp\/v2\/types\/post"}],"author":[{"embeddable":true,"href":"https:\/\/prensapresidencialvenezuela.gob.ve\/index.php\/wp-json\/wp\/v2\/users\/6"}],"replies":[{"embeddable":true,"href":"https:\/\/prensapresidencialvenezuela.gob.ve\/index.php\/wp-json\/wp\/v2\/comments?post=4440"}],"version-history":[{"count":1,"href":"https:\/\/prensapresidencialvenezuela.gob.ve\/index.php\/wp-json\/wp\/v2\/posts\/4440\/revisions"}],"predecessor-version":[{"id":4442,"href":"https:\/\/prensapresidencialvenezuela.gob.ve\/index.php\/wp-json\/wp\/v2\/posts\/4440\/revisions\/4442"}],"wp:featuredmedia":[{"embeddable":true,"href":"https:\/\/prensapresidencialvenezuela.gob.ve\/index.php\/wp-json\/wp\/v2\/media\/4441"}],"wp:attachment":[{"href":"https:\/\/prensapresidencialvenezuela.gob.ve\/index.php\/wp-json\/wp\/v2\/media?parent=4440"}],"wp:term":[{"taxonomy":"category","embeddable":true,"href":"https:\/\/prensapresidencialvenezuela.gob.ve\/index.php\/wp-json\/wp\/v2\/categories?post=4440"},{"taxonomy":"post_tag","embeddable":true,"href":"https:\/\/prensapresidencialvenezuela.gob.ve\/index.php\/wp-json\/wp\/v2\/tags?post=4440"}],"curies":[{"name":"wp","href":"https:\/\/api.w.org\/{rel}","templated":true}]}}