{"id":4443,"date":"2023-01-17T18:25:00","date_gmt":"2023-01-17T18:25:00","guid":{"rendered":"http:\/\/172.27.0.121\/?p=4443"},"modified":"2023-01-21T15:05:15","modified_gmt":"2023-01-21T15:05:15","slug":"mesa-tecnica-apuntara-a-elevar-la-produccion-con-innovacion-de-la-clase-obrera","status":"publish","type":"post","link":"https:\/\/prensapresidencialvenezuela.gob.ve\/index.php\/2023\/01\/17\/mesa-tecnica-apuntara-a-elevar-la-produccion-con-innovacion-de-la-clase-obrera\/","title":{"rendered":"Mesa T\u00e9cnica apuntar\u00e1 a elevar la producci\u00f3n con innovaci\u00f3n de la clase obrera"},"content":{"rendered":"\n<p><strong>San Francisco de Yare, estado Miranda.-&nbsp;<\/strong>A partir de una propuesta elevada por los Consejos Productivos de Trabajadores y Trabajadoras (CPTT), el presidente de la Rep\u00fablica, Nicol\u00e1s Maduro, instruy\u00f3 la creaci\u00f3n de una Mesa T\u00e9cnica de Ciencia y Tecnolog\u00eda de la Clase Obrera que tribute a \u201celevar la producci\u00f3n, la productividad; y la creaci\u00f3n de bienes y servicios\u201d.<\/p>\n\n\n\n<p>Desde el Complejo Industrial Socialismo Tuyero, de la Corporaci\u00f3n Venezolana del Pl\u00e1stico (Coveplast), ubicado en el estado Miranda, encarg\u00f3 a la vicepresidenta de Ciencia, Tecnolog\u00eda, Educaci\u00f3n y Salud, Gabriela Jim\u00e9nez, garantizar que \u201cfuncione de manera impecable\u201d y mantener permanente comunicaci\u00f3n con \u201cinformes semanales de las propuestas de innovaci\u00f3n cient\u00edfica y tecnol\u00f3gica en todos los procesos productivos para tomar decisiones en tiempo real\u201d.<\/p>\n\n\n\n<p>El planteamiento concreto de la Mesa T\u00e9cnica de Ciencia y Tecnolog\u00eda deber\u00e1 presentarse en los pr\u00f3ximos siete d\u00edas, periodo en el que tambi\u00e9n tendr\u00e1 que definirse la configuraci\u00f3n de una instancia nacional de educaci\u00f3n y formaci\u00f3n para la clase obrera.<\/p>\n\n\n\n<p>Al respecto, el ingeniero Roy Pacheco, vocero de los CPTT de Petr\u00f3leos de Venezuela (PDVSA) Occidente, detall\u00f3 que esta \u00faltima solicitud comprende la participaci\u00f3n de los Ministerios de Educaci\u00f3n; Educaci\u00f3n Universitaria y Proceso Social del Trabajo, as\u00ed como de la Central Bolivariana Socialista de Trabajadores (CBST) y la implementaci\u00f3n de dos horas semanales en las entidades p\u00fablicas para la formaci\u00f3n pol\u00edtica e ideol\u00f3gica.<\/p>\n\n\n\n<p>En este sentido, el Mandatario subray\u00f3 la necesidad de que \u201cen todas las instancias de trabajo, la clase obrera tenga un tiempo reservado a sus procesos de formaci\u00f3n cultural, acad\u00e9mica, social, sociopol\u00edtico y sindical\u201d.<\/p>\n\n\n\n<p>\u201c(\u2026) Que todos entremos a este programa. Tenemos la Universidad Bolivariana de los Trabajadores, ellos tienen el concepto claro, los programas pedag\u00f3gicos claros, los programas de formaci\u00f3n y las carreras claras\u201d, orden\u00f3 a la tambi\u00e9n ministra de Ciencia y Tecnolog\u00eda, Gabriela Jim\u00e9nez, para materializar los nuevos esquemas de formaci\u00f3n y autoformaci\u00f3n.<\/p>\n\n\n\n<p><strong>Prensa Presidencial \/ Karelis Gonz\u00e1lez<\/strong><\/p>\n","protected":false},"excerpt":{"rendered":"<p>San Francisco de Yare, estado Miranda.-&nbsp;A partir de una propuesta elevada por los Consejos Productivos de Trabajadores y Trabajadoras (CPTT), el presidente de la Rep\u00fablica, Nicol\u00e1s Maduro, instruy\u00f3 la creaci\u00f3n de una Mesa T\u00e9cnica de Ciencia y Tecnolog\u00eda de la Clase Obrera que tribute a \u201celevar la producci\u00f3n, la productividad; y la creaci\u00f3n de bienes [&hellip;]<\/p>\n","protected":false},"author":6,"featured_media":4444,"comment_status":"open","ping_status":"open","sticky":false,"template":"","format":"standard","meta":{"footnotes":""},"categories":[18,7],"tags":[71,30,21,19,27,20],"class_list":["post-4443","post","type-post","status-publish","format-standard","has-post-thumbnail","hentry","category-noticias-principales","category-notas-de-prensa","tag-cpt","tag-destacado","tag-economia-venezolana","tag-nicolas-maduro","tag-revolucion-bolivariana","tag-venezuela"],"_links":{"self":[{"href":"https:\/\/prensapresidencialvenezuela.gob.ve\/index.php\/wp-json\/wp\/v2\/posts\/4443","targetHints":{"allow":["GET"]}}],"collection":[{"href":"https:\/\/prensapresidencialvenezuela.gob.ve\/index.php\/wp-json\/wp\/v2\/posts"}],"about":[{"href":"https:\/\/prensapresidencialvenezuela.gob.ve\/index.php\/wp-json\/wp\/v2\/types\/post"}],"author":[{"embeddable":true,"href":"https:\/\/prensapresidencialvenezuela.gob.ve\/index.php\/wp-json\/wp\/v2\/users\/6"}],"replies":[{"embeddable":true,"href":"https:\/\/prensapresidencialvenezuela.gob.ve\/index.php\/wp-json\/wp\/v2\/comments?post=4443"}],"version-history":[{"count":1,"href":"https:\/\/prensapresidencialvenezuela.gob.ve\/index.php\/wp-json\/wp\/v2\/posts\/4443\/revisions"}],"predecessor-version":[{"id":4445,"href":"https:\/\/prensapresidencialvenezuela.gob.ve\/index.php\/wp-json\/wp\/v2\/posts\/4443\/revisions\/4445"}],"wp:featuredmedia":[{"embeddable":true,"href":"https:\/\/prensapresidencialvenezuela.gob.ve\/index.php\/wp-json\/wp\/v2\/media\/4444"}],"wp:attachment":[{"href":"https:\/\/prensapresidencialvenezuela.gob.ve\/index.php\/wp-json\/wp\/v2\/media?parent=4443"}],"wp:term":[{"taxonomy":"category","embeddable":true,"href":"https:\/\/prensapresidencialvenezuela.gob.ve\/index.php\/wp-json\/wp\/v2\/categories?post=4443"},{"taxonomy":"post_tag","embeddable":true,"href":"https:\/\/prensapresidencialvenezuela.gob.ve\/index.php\/wp-json\/wp\/v2\/tags?post=4443"}],"curies":[{"name":"wp","href":"https:\/\/api.w.org\/{rel}","templated":true}]}}