{"id":44456,"date":"2026-04-04T12:58:00","date_gmt":"2026-04-04T16:58:00","guid":{"rendered":"https:\/\/prensapresidencialvenezuela.gob.ve\/?p=44456"},"modified":"2026-04-06T13:29:53","modified_gmt":"2026-04-06T17:29:53","slug":"presidenta-e-delcy-rodriguez-destaca-espiritu-de-union-y-paz-durante-la-semana-santa","status":"publish","type":"post","link":"https:\/\/prensapresidencialvenezuela.gob.ve\/index.php\/2026\/04\/04\/presidenta-e-delcy-rodriguez-destaca-espiritu-de-union-y-paz-durante-la-semana-santa\/","title":{"rendered":"Presidenta (E) Delcy Rodr\u00edguez destaca esp\u00edritu de uni\u00f3n y paz durante la Semana Santa"},"content":{"rendered":"\n<p>Caracas, Venezuela. &#8211; La presidenta encargada de la Rep\u00fablica Bolivariana de Venezuela, Delcy Rodr\u00edguez, resalt\u00f3 este s\u00e1bado el civismo y la profunda devoci\u00f3n espiritual que ha caracterizado al pueblo venezolano durante la Semana Santa.<\/p>\n\n\n\n<p>A trav\u00e9s de un mensaje difundido en su canal de Telegram, la Mandataria Encargada celebr\u00f3 el ambiente de recogimiento y sana convivencia que prevalece en las tradiciones religiosas del pa\u00eds, subrayando que estos d\u00edas han servido como un espacio fundamental para el reencuentro familiar y el fortalecimiento de la paz social en cada rinc\u00f3n del territorio nacional.<\/p>\n\n\n\n<p>Asimismo, Rodr\u00edguez inform\u00f3 sobre la amplia movilizaci\u00f3n de temporadistas, quienes han disfrutado de los diversos destinos tur\u00edsticos, parques y espacios culturales para el sano esparcimiento.<\/p>\n\n\n\n<p>La Presidenta Encargada hizo un llamado a que este tiempo de reflexi\u00f3n fortalezca la fe y la cohesi\u00f3n nacional, elementos que calific\u00f3 como pilares esenciales para continuar la marcha hacia el futuro pr\u00f3spero de Venezuela, siempre bajo un esquema de uni\u00f3n y respeto por las tradiciones que definen nuestra identidad.<\/p>\n\n\n\n<p>Prensa Presidencial \/ Kaylib Maita<\/p>\n","protected":false},"excerpt":{"rendered":"<p>Caracas, Venezuela. &#8211; La presidenta encargada de la Rep\u00fablica Bolivariana de Venezuela, Delcy Rodr\u00edguez, resalt\u00f3 este s\u00e1bado el civismo y la profunda devoci\u00f3n espiritual que ha caracterizado al pueblo venezolano durante la Semana Santa. A trav\u00e9s de un mensaje difundido en su canal de Telegram, la Mandataria Encargada celebr\u00f3 el ambiente de recogimiento y sana [&hellip;]<\/p>\n","protected":false},"author":21,"featured_media":44457,"comment_status":"open","ping_status":"open","sticky":false,"template":"","format":"standard","meta":{"footnotes":""},"categories":[18,7],"tags":[],"class_list":["post-44456","post","type-post","status-publish","format-standard","has-post-thumbnail","hentry","category-noticias-principales","category-notas-de-prensa"],"_links":{"self":[{"href":"https:\/\/prensapresidencialvenezuela.gob.ve\/index.php\/wp-json\/wp\/v2\/posts\/44456","targetHints":{"allow":["GET"]}}],"collection":[{"href":"https:\/\/prensapresidencialvenezuela.gob.ve\/index.php\/wp-json\/wp\/v2\/posts"}],"about":[{"href":"https:\/\/prensapresidencialvenezuela.gob.ve\/index.php\/wp-json\/wp\/v2\/types\/post"}],"author":[{"embeddable":true,"href":"https:\/\/prensapresidencialvenezuela.gob.ve\/index.php\/wp-json\/wp\/v2\/users\/21"}],"replies":[{"embeddable":true,"href":"https:\/\/prensapresidencialvenezuela.gob.ve\/index.php\/wp-json\/wp\/v2\/comments?post=44456"}],"version-history":[{"count":2,"href":"https:\/\/prensapresidencialvenezuela.gob.ve\/index.php\/wp-json\/wp\/v2\/posts\/44456\/revisions"}],"predecessor-version":[{"id":44478,"href":"https:\/\/prensapresidencialvenezuela.gob.ve\/index.php\/wp-json\/wp\/v2\/posts\/44456\/revisions\/44478"}],"wp:featuredmedia":[{"embeddable":true,"href":"https:\/\/prensapresidencialvenezuela.gob.ve\/index.php\/wp-json\/wp\/v2\/media\/44457"}],"wp:attachment":[{"href":"https:\/\/prensapresidencialvenezuela.gob.ve\/index.php\/wp-json\/wp\/v2\/media?parent=44456"}],"wp:term":[{"taxonomy":"category","embeddable":true,"href":"https:\/\/prensapresidencialvenezuela.gob.ve\/index.php\/wp-json\/wp\/v2\/categories?post=44456"},{"taxonomy":"post_tag","embeddable":true,"href":"https:\/\/prensapresidencialvenezuela.gob.ve\/index.php\/wp-json\/wp\/v2\/tags?post=44456"}],"curies":[{"name":"wp","href":"https:\/\/api.w.org\/{rel}","templated":true}]}}