{"id":4446,"date":"2023-01-17T18:30:00","date_gmt":"2023-01-17T18:30:00","guid":{"rendered":"http:\/\/172.27.0.121\/?p=4446"},"modified":"2023-01-21T15:10:10","modified_gmt":"2023-01-21T15:10:10","slug":"empresas-basicas-estan-plenamente-operativas","status":"publish","type":"post","link":"https:\/\/prensapresidencialvenezuela.gob.ve\/index.php\/2023\/01\/17\/empresas-basicas-estan-plenamente-operativas\/","title":{"rendered":"Empresas b\u00e1sicas est\u00e1n plenamente operativas"},"content":{"rendered":"\n<p><strong>San Francisco de Yare, estado Miranda.-&nbsp;<\/strong>A partir \u201cdel esfuerzo de la heroica clase obrera que est\u00e1 al frente de su proceso productivo\u201d, las empresas b\u00e1sicas se encuentran plenamente operativas y asumiendo la vanguardia en la sustituci\u00f3n de importaciones para garantizar los procesos productivos del acero y aluminio.<\/p>\n\n\n\n<p>\u201cNinguna empresa b\u00e1sica est\u00e1 detenida\u201d, asever\u00f3 el presidente de la Sider\u00fargica del Orinoco Alfredo Maneiro, N\u00e9stor Astudillo, al recalcar que, como respuesta a las pretensiones de paralizaci\u00f3n del proceso productivo, este lunes se alcanz\u00f3 un nuevo record de producci\u00f3n diaria al superar las 780 toneladas.<\/p>\n\n\n\n<p>Desde Ciudad Guayana, ubicada en el estado Bol\u00edvar, igualmente precis\u00f3 que \u201cya salieron las primeras 140 toneladas de laminado en caliente para producir la bombona de gas que requiere nuestro pueblo\u201d, materia primera destinada el ensamblaje de cilindros de gas dom\u00e9stico.<\/p>\n\n\n\n<p>En relaci\u00f3n a los avances de sustituci\u00f3n de importaciones y soberan\u00eda tecnol\u00f3gica, el vocero de los Consejos Productivos de Trabajadores y Trabajadoras (CPTT), Alberto Hurtado, destac\u00f3 la producci\u00f3n de coque de petr\u00f3leo como sustituto de la antracita para su empleo en el proceso de aceraci\u00f3n y aluminio, as\u00ed como la producci\u00f3n local de la piedra dolomita en el estado Bol\u00edvar y el desarrollo de cable de aluminio en la CVG Conductores de Aluminio del Caron\u00ed (Cabelum).<\/p>\n\n\n\n<p>\u201cEs un logro de nosotros los trabajadores comprometidos para seguir apalancando el trabajo productivo porque sabemos que produciendo es que vamos a lograr el levantamiento econ\u00f3mico de nuestro pa\u00eds\u201d, puntualiz\u00f3 Hurtado.<\/p>\n\n\n\n<p>Por su parte, desde la CVG Aluminio del Caron\u00ed (Alcasa), la clase obrera avanza en la fabricaci\u00f3n de art\u00edculos para el Sistema P\u00fablico Nacional de Salud con el desarrollo de camas, sillas de ruedas, andaderas, sillas de di\u00e1lisis y bipedestadores.<\/p>\n\n\n\n<p>Hasta el momento, han entregado alrededor de 1.300 art\u00edculos en 14 estados del territorio nacional.<\/p>\n\n\n\n<p><strong>Prensa Presidencial \/ Karelis Gonz\u00e1lez<\/strong><\/p>\n","protected":false},"excerpt":{"rendered":"<p>San Francisco de Yare, estado Miranda.-&nbsp;A partir \u201cdel esfuerzo de la heroica clase obrera que est\u00e1 al frente de su proceso productivo\u201d, las empresas b\u00e1sicas se encuentran plenamente operativas y asumiendo la vanguardia en la sustituci\u00f3n de importaciones para garantizar los procesos productivos del acero y aluminio. \u201cNinguna empresa b\u00e1sica est\u00e1 detenida\u201d, asever\u00f3 el presidente [&hellip;]<\/p>\n","protected":false},"author":6,"featured_media":4447,"comment_status":"open","ping_status":"open","sticky":false,"template":"","format":"standard","meta":{"footnotes":""},"categories":[18,7],"tags":[30,21,19,27,20],"class_list":["post-4446","post","type-post","status-publish","format-standard","has-post-thumbnail","hentry","category-noticias-principales","category-notas-de-prensa","tag-destacado","tag-economia-venezolana","tag-nicolas-maduro","tag-revolucion-bolivariana","tag-venezuela"],"_links":{"self":[{"href":"https:\/\/prensapresidencialvenezuela.gob.ve\/index.php\/wp-json\/wp\/v2\/posts\/4446","targetHints":{"allow":["GET"]}}],"collection":[{"href":"https:\/\/prensapresidencialvenezuela.gob.ve\/index.php\/wp-json\/wp\/v2\/posts"}],"about":[{"href":"https:\/\/prensapresidencialvenezuela.gob.ve\/index.php\/wp-json\/wp\/v2\/types\/post"}],"author":[{"embeddable":true,"href":"https:\/\/prensapresidencialvenezuela.gob.ve\/index.php\/wp-json\/wp\/v2\/users\/6"}],"replies":[{"embeddable":true,"href":"https:\/\/prensapresidencialvenezuela.gob.ve\/index.php\/wp-json\/wp\/v2\/comments?post=4446"}],"version-history":[{"count":1,"href":"https:\/\/prensapresidencialvenezuela.gob.ve\/index.php\/wp-json\/wp\/v2\/posts\/4446\/revisions"}],"predecessor-version":[{"id":4448,"href":"https:\/\/prensapresidencialvenezuela.gob.ve\/index.php\/wp-json\/wp\/v2\/posts\/4446\/revisions\/4448"}],"wp:featuredmedia":[{"embeddable":true,"href":"https:\/\/prensapresidencialvenezuela.gob.ve\/index.php\/wp-json\/wp\/v2\/media\/4447"}],"wp:attachment":[{"href":"https:\/\/prensapresidencialvenezuela.gob.ve\/index.php\/wp-json\/wp\/v2\/media?parent=4446"}],"wp:term":[{"taxonomy":"category","embeddable":true,"href":"https:\/\/prensapresidencialvenezuela.gob.ve\/index.php\/wp-json\/wp\/v2\/categories?post=4446"},{"taxonomy":"post_tag","embeddable":true,"href":"https:\/\/prensapresidencialvenezuela.gob.ve\/index.php\/wp-json\/wp\/v2\/tags?post=4446"}],"curies":[{"name":"wp","href":"https:\/\/api.w.org\/{rel}","templated":true}]}}