{"id":4542,"date":"2023-02-15T00:26:33","date_gmt":"2023-02-15T00:26:33","guid":{"rendered":"http:\/\/172.27.0.121\/?p=4542"},"modified":"2023-02-15T00:26:33","modified_gmt":"2023-02-15T00:26:33","slug":"mision-venezuela-bella-recuperara-espacios-de-la-universidad-de-carabobo","status":"publish","type":"post","link":"https:\/\/prensapresidencialvenezuela.gob.ve\/index.php\/2023\/02\/15\/mision-venezuela-bella-recuperara-espacios-de-la-universidad-de-carabobo\/","title":{"rendered":"Misi\u00f3n Venezuela Bella recuperar\u00e1 espacios de la Universidad de Carabobo"},"content":{"rendered":"\n<p><strong>Naguanagua, estado Carabobo.- <\/strong>A trav\u00e9s del despliegue de la Misi\u00f3n Venezuela Bella, iniciar\u00e1n jornadas de rehabilitaci\u00f3n integral del campus de la Universidad de Carabobo (UC), anunci\u00f3 el presidente de la Rep\u00fablica, Nicol\u00e1s Maduro.<\/p>\n\n\n\n<p>\u201cMe comprometo \u2013y as\u00ed lo anuncio- que la Misi\u00f3n Venezuela Bella pronto estar\u00e1 aqu\u00ed y vamos a recuperar completo el campus universitario de la Universidad de Carabobo. Tenemos que hacerlo, me comprometo plenamente\u201d, subray\u00f3 durante la reinauguraci\u00f3n del servicio de radioterapia y medicina nuclear \u201cDr. Francisco Polo Castellanos\u201d, del Hospital Oncol\u00f3gico \u00abDr. Miguel P\u00e9rez Carre\u00f1o\u201d, ubicado en el estado Carabobo.<\/p>\n\n\n\n<p>Al respecto, encarg\u00f3 al ministro del Poder Popular para el Despacho de la Presidencia y Seguimiento de la Gesti\u00f3n de Gobierno, Jorge M\u00e1rquez, y a la presidenta de la Misi\u00f3n Venezuela Bella, Jacqueline Far\u00eda, definir la estrategia de recuperaci\u00f3n que derive en el \u201crenacimiento de esta prestigiosa Alma Mater\u201d.<\/p>\n\n\n\n<p>\u201cMa\u00f1ana, ustedes dos (Jorge M\u00e1rquez y Jacqueline Far\u00eda) deben estar revisando todos los planes y haciendo un primer informe de c\u00f3mo le vamos a entrar a la recuperaci\u00f3n de la Universidad de Carabobo (\u2026) Recorran todos los espacios\u201d, instruy\u00f3.<\/p>\n\n\n\n<p>En aras de materializar la renovaci\u00f3n plena de la instituci\u00f3n universitaria, el jefe de Estado exhort\u00f3 a empresarios y egresados a sumarse a los planes de recuperaci\u00f3n, dado que \u201ces una obra que le pertenece a todos los carabobe\u00f1os, las carabobe\u00f1as y a toda Venezuela\u201d.<\/p>\n\n\n\n<p>Previamente, el mandatario venezolano orden\u00f3 replicar la experiencia de rehabilitaci\u00f3n de la Universidad Central de Venezuela (UCV) a las principales universidades del pa\u00eds.<\/p>\n\n\n\n<p>Hasta el momento, se desarrollan trabajos de recuperaci\u00f3n y acondicionamiento de espacios de la Universidad de Oriente (UDO), en sus n\u00facleos de Monagas, Sucre y Anzo\u00e1tegui, a trav\u00e9s de la Misi\u00f3n Venezuela Bella.<\/p>\n\n\n\n<p><strong>Prensa Presidencial \/ Karelis Gonz\u00e1lez<\/strong><\/p>\n","protected":false},"excerpt":{"rendered":"<p>Naguanagua, estado Carabobo.- A trav\u00e9s del despliegue de la Misi\u00f3n Venezuela Bella, iniciar\u00e1n jornadas de rehabilitaci\u00f3n integral del campus de la Universidad de Carabobo (UC), anunci\u00f3 el presidente de la Rep\u00fablica, Nicol\u00e1s Maduro. \u201cMe comprometo \u2013y as\u00ed lo anuncio- que la Misi\u00f3n Venezuela Bella pronto estar\u00e1 aqu\u00ed y vamos a recuperar completo el campus universitario [&hellip;]<\/p>\n","protected":false},"author":6,"featured_media":4543,"comment_status":"open","ping_status":"open","sticky":false,"template":"","format":"standard","meta":{"footnotes":""},"categories":[18,7],"tags":[30,19,27,20],"class_list":["post-4542","post","type-post","status-publish","format-standard","has-post-thumbnail","hentry","category-noticias-principales","category-notas-de-prensa","tag-destacado","tag-nicolas-maduro","tag-revolucion-bolivariana","tag-venezuela"],"_links":{"self":[{"href":"https:\/\/prensapresidencialvenezuela.gob.ve\/index.php\/wp-json\/wp\/v2\/posts\/4542","targetHints":{"allow":["GET"]}}],"collection":[{"href":"https:\/\/prensapresidencialvenezuela.gob.ve\/index.php\/wp-json\/wp\/v2\/posts"}],"about":[{"href":"https:\/\/prensapresidencialvenezuela.gob.ve\/index.php\/wp-json\/wp\/v2\/types\/post"}],"author":[{"embeddable":true,"href":"https:\/\/prensapresidencialvenezuela.gob.ve\/index.php\/wp-json\/wp\/v2\/users\/6"}],"replies":[{"embeddable":true,"href":"https:\/\/prensapresidencialvenezuela.gob.ve\/index.php\/wp-json\/wp\/v2\/comments?post=4542"}],"version-history":[{"count":1,"href":"https:\/\/prensapresidencialvenezuela.gob.ve\/index.php\/wp-json\/wp\/v2\/posts\/4542\/revisions"}],"predecessor-version":[{"id":4544,"href":"https:\/\/prensapresidencialvenezuela.gob.ve\/index.php\/wp-json\/wp\/v2\/posts\/4542\/revisions\/4544"}],"wp:featuredmedia":[{"embeddable":true,"href":"https:\/\/prensapresidencialvenezuela.gob.ve\/index.php\/wp-json\/wp\/v2\/media\/4543"}],"wp:attachment":[{"href":"https:\/\/prensapresidencialvenezuela.gob.ve\/index.php\/wp-json\/wp\/v2\/media?parent=4542"}],"wp:term":[{"taxonomy":"category","embeddable":true,"href":"https:\/\/prensapresidencialvenezuela.gob.ve\/index.php\/wp-json\/wp\/v2\/categories?post=4542"},{"taxonomy":"post_tag","embeddable":true,"href":"https:\/\/prensapresidencialvenezuela.gob.ve\/index.php\/wp-json\/wp\/v2\/tags?post=4542"}],"curies":[{"name":"wp","href":"https:\/\/api.w.org\/{rel}","templated":true}]}}