{"id":45616,"date":"2026-04-21T19:00:00","date_gmt":"2026-04-21T23:00:00","guid":{"rendered":"https:\/\/prensapresidencialvenezuela.gob.ve\/?p=45616"},"modified":"2026-04-22T10:26:49","modified_gmt":"2026-04-22T14:26:49","slug":"venezuela-ratifica-ante-el-fmi-solicitud-de-acceso-a-5-mil-millones-de-dolares-para-servicios-publicos","status":"publish","type":"post","link":"https:\/\/prensapresidencialvenezuela.gob.ve\/index.php\/2026\/04\/21\/venezuela-ratifica-ante-el-fmi-solicitud-de-acceso-a-5-mil-millones-de-dolares-para-servicios-publicos\/","title":{"rendered":"Venezuela ratifica ante el FMI solicitud de acceso a 5 mil millones de d\u00f3lares para servicios p\u00fablicos"},"content":{"rendered":"\n<p><strong>Caracas, Venezuela.- <\/strong>En un avance significativo para la agenda diplom\u00e1tica y econ\u00f3mica del pa\u00eds, el la presidenta encargada de la Rep\u00fablica Bolivariana de Venezuela, Delcy Rodr\u00edguez, anunci\u00f3 el restablecimiento de contactos de alto nivel con el Fondo Monetario Internacional (FMI). <\/p>\n\n\n\n<p>En este sentido, es importante subrayar que el objetivo central es concretar el acceso de Venezuela a los Derechos Especiales de Giro (DEG), equivalentes a 5 mil millones de d\u00f3lares, recursos que permanecen bloqueados y que son propiedad del Estado venezolano. <\/p>\n\n\n\n<blockquote class=\"wp-block-quote is-layout-flow wp-block-quote-is-layout-flow\">\n<p>\u00abHoy habl\u00e9 con la Directora General del FMI y justamente le habl\u00e9 de la necesidad de que Venezuela acceda a sus DEG, son 5 mil millones de d\u00f3lares que tenemos en el FMI para que podamos recuperar infraestructura vital, electricidad, agua (\u2026)\u00bb, precis\u00f3. <\/p>\n<\/blockquote>\n\n\n\n<p>Por tanto, durante la reciente comunicaci\u00f3n directa con la Directora General del FMI, Kristalina Georgieva, se enfatiz\u00f3 la necesidad de desbloquear estos activos; por lo que, esta gesti\u00f3n representa la culminaci\u00f3n de un esfuerzo que inici\u00f3 el 15 de marzo de 2020, cuando el presidente Nicol\u00e1s Maduro solicit\u00f3 formalmente apoyo al organismo para enfrentar los desaf\u00edos de la pandemia. <\/p>\n\n\n\n<p>Adem\u00e1s, es relevante destacar, que, con este paso, Venezuela reafirma su soberan\u00eda financiera y su disposici\u00f3n a utilizar los mecanismos internacionales para superar las barreras del bloqueo econ\u00f3mico, priorizando siempre la estabilidad y el desarrollo de la infraestructura nacional. <\/p>\n\n\n\n<p><strong>Prensa Presidencial\/ Irmary D\u00edaz<\/strong><\/p>\n","protected":false},"excerpt":{"rendered":"<p>Caracas, Venezuela.- En un avance significativo para la agenda diplom\u00e1tica y econ\u00f3mica del pa\u00eds, el la presidenta encargada de la Rep\u00fablica Bolivariana de Venezuela, Delcy Rodr\u00edguez, anunci\u00f3 el restablecimiento de contactos de alto nivel con el Fondo Monetario Internacional (FMI). En este sentido, es importante subrayar que el objetivo central es concretar el acceso de [&hellip;]<\/p>\n","protected":false},"author":15,"featured_media":45617,"comment_status":"open","ping_status":"open","sticky":false,"template":"","format":"standard","meta":{"footnotes":""},"categories":[18,7],"tags":[],"class_list":["post-45616","post","type-post","status-publish","format-standard","has-post-thumbnail","hentry","category-noticias-principales","category-notas-de-prensa"],"_links":{"self":[{"href":"https:\/\/prensapresidencialvenezuela.gob.ve\/index.php\/wp-json\/wp\/v2\/posts\/45616","targetHints":{"allow":["GET"]}}],"collection":[{"href":"https:\/\/prensapresidencialvenezuela.gob.ve\/index.php\/wp-json\/wp\/v2\/posts"}],"about":[{"href":"https:\/\/prensapresidencialvenezuela.gob.ve\/index.php\/wp-json\/wp\/v2\/types\/post"}],"author":[{"embeddable":true,"href":"https:\/\/prensapresidencialvenezuela.gob.ve\/index.php\/wp-json\/wp\/v2\/users\/15"}],"replies":[{"embeddable":true,"href":"https:\/\/prensapresidencialvenezuela.gob.ve\/index.php\/wp-json\/wp\/v2\/comments?post=45616"}],"version-history":[{"count":1,"href":"https:\/\/prensapresidencialvenezuela.gob.ve\/index.php\/wp-json\/wp\/v2\/posts\/45616\/revisions"}],"predecessor-version":[{"id":45618,"href":"https:\/\/prensapresidencialvenezuela.gob.ve\/index.php\/wp-json\/wp\/v2\/posts\/45616\/revisions\/45618"}],"wp:featuredmedia":[{"embeddable":true,"href":"https:\/\/prensapresidencialvenezuela.gob.ve\/index.php\/wp-json\/wp\/v2\/media\/45617"}],"wp:attachment":[{"href":"https:\/\/prensapresidencialvenezuela.gob.ve\/index.php\/wp-json\/wp\/v2\/media?parent=45616"}],"wp:term":[{"taxonomy":"category","embeddable":true,"href":"https:\/\/prensapresidencialvenezuela.gob.ve\/index.php\/wp-json\/wp\/v2\/categories?post=45616"},{"taxonomy":"post_tag","embeddable":true,"href":"https:\/\/prensapresidencialvenezuela.gob.ve\/index.php\/wp-json\/wp\/v2\/tags?post=45616"}],"curies":[{"name":"wp","href":"https:\/\/api.w.org\/{rel}","templated":true}]}}