{"id":4567,"date":"2023-03-02T00:35:57","date_gmt":"2023-03-02T00:35:57","guid":{"rendered":"http:\/\/172.27.0.121\/?p=4567"},"modified":"2023-03-02T00:35:57","modified_gmt":"2023-03-02T00:35:57","slug":"venezuela-preve-sembrar-236-mil-hectareas-de-arroz-en-2023","status":"publish","type":"post","link":"https:\/\/prensapresidencialvenezuela.gob.ve\/index.php\/2023\/03\/02\/venezuela-preve-sembrar-236-mil-hectareas-de-arroz-en-2023\/","title":{"rendered":"Venezuela prev\u00e9 sembrar 236 mil hect\u00e1reas de arroz en 2023"},"content":{"rendered":"\n<p><strong>Agua Blanca, estado Portuguesa.-&nbsp;<\/strong>En el a\u00f1o 2023, Venezuela apunta a la siembra de 236.000 hect\u00e1reas de arroz, asever\u00f3 el ministro del Poder Popular para Agricultura Productiva y Tierras, Wilmar Castro Soteldo.<\/p>\n\n\n\n<p>Desde Agua Blanca, ubicada en el estado Portuguesa, destac\u00f3 que el cultivo no solo permitir\u00e1 satisfacer la demanda nacional, sino garantizar un excedente para la exportaci\u00f3n.<\/p>\n\n\n\n<p>\u201cLa meta que nos hemos planteado son 236 mil hect\u00e1reas en ambos ciclos. Hasta el momento tenemos unas 180.000 hect\u00e1reas en estados arroceros\u201d, precis\u00f3 Castro Soteldo, quien se\u00f1al\u00f3 que \u2013en este ciclo- se han sumado a la producci\u00f3n de arroz los estados Barinas, Falc\u00f3n, T\u00e1chira, Yaracuy y Zulia.<\/p>\n\n\n\n<p>En este sentido, de la mano del presidente de la Rep\u00fablica, Nicol\u00e1s Maduro, este mi\u00e9rcoles inicio el ciclo de verano en la Unidad de Producci\u00f3n Agr\u00edcola \u201cRR\u201d, situada en el sector Chaparral.<\/p>\n\n\n\n<p>\u201c\u00a1Arranca la cosecha del arroz llanero y venezolano. Nuestra Patria construy\u00e9ndose, nuestra Patria avanzando\u201d, enfatiz\u00f3.<\/p>\n\n\n\n<p>La cosecha en la Unidad de Producci\u00f3n Agr\u00edcola \u201cRR\u201d se realiza en 580 hect\u00e1reas, cuyas proyecciones estiman una producci\u00f3n cercana a las 3.500 toneladas.<\/p>\n\n\n\n<p>\u201cHoy, 1\u00b0 de marzo, arrancamos la cosecha de las 580 hect\u00e1reas, eso va escalonado: empezamos con un lote de 24 hect\u00e1reas. En esta Unidad de Producci\u00f3n tenemos la siembra fraccionada en diferentes meses y vamos a tener cosecha durante cuatro meses\u201d, detall\u00f3 el ingeniero agr\u00f3nomo Elvis Padilla.<\/p>\n\n\n\n<p>En palabras del gobernador del estado Portuguesa, Antonio Primitivo Cede\u00f1o, subray\u00f3 que la entidad contin\u00faa \u201csiendo punta de lanza en la producci\u00f3n de alimentos, hoy estamos con el arroz, pero tambi\u00e9n es ca\u00f1a de az\u00facar, caf\u00e9, frijoles y ajonjol\u00ed\u201d.<\/p>\n\n\n\n<p><strong>Palma africana<\/strong><\/p>\n\n\n\n<p>Al destacar el crecimiento de la producci\u00f3n de palma africana, el titular de Agricultura y Tierras inform\u00f3 que \u201ctenemos en marcha un plan para llegar a las 100.000 hect\u00e1reas\u201d en el contexto del Convenio Colombia \u2013 Venezuela.<\/p>\n\n\n\n<p>Explic\u00f3 que, en funci\u00f3n del cultivo de palma africana, se plantean los territorios del Sur del Lago (Zulia), Alto Apure (Apure) y el rescate de 7.000 hect\u00e1reas localizadas en Monagas y Yaracuy.<\/p>\n\n\n\n<p><strong>Prensa Presidencial \/ Karelis Gonz\u00e1lez<\/strong><\/p>\n","protected":false},"excerpt":{"rendered":"<p>Agua Blanca, estado Portuguesa.-&nbsp;En el a\u00f1o 2023, Venezuela apunta a la siembra de 236.000 hect\u00e1reas de arroz, asever\u00f3 el ministro del Poder Popular para Agricultura Productiva y Tierras, Wilmar Castro Soteldo. Desde Agua Blanca, ubicada en el estado Portuguesa, destac\u00f3 que el cultivo no solo permitir\u00e1 satisfacer la demanda nacional, sino garantizar un excedente para [&hellip;]<\/p>\n","protected":false},"author":6,"featured_media":4568,"comment_status":"open","ping_status":"open","sticky":false,"template":"","format":"standard","meta":{"footnotes":""},"categories":[7],"tags":[],"class_list":["post-4567","post","type-post","status-publish","format-standard","has-post-thumbnail","hentry","category-notas-de-prensa"],"_links":{"self":[{"href":"https:\/\/prensapresidencialvenezuela.gob.ve\/index.php\/wp-json\/wp\/v2\/posts\/4567","targetHints":{"allow":["GET"]}}],"collection":[{"href":"https:\/\/prensapresidencialvenezuela.gob.ve\/index.php\/wp-json\/wp\/v2\/posts"}],"about":[{"href":"https:\/\/prensapresidencialvenezuela.gob.ve\/index.php\/wp-json\/wp\/v2\/types\/post"}],"author":[{"embeddable":true,"href":"https:\/\/prensapresidencialvenezuela.gob.ve\/index.php\/wp-json\/wp\/v2\/users\/6"}],"replies":[{"embeddable":true,"href":"https:\/\/prensapresidencialvenezuela.gob.ve\/index.php\/wp-json\/wp\/v2\/comments?post=4567"}],"version-history":[{"count":1,"href":"https:\/\/prensapresidencialvenezuela.gob.ve\/index.php\/wp-json\/wp\/v2\/posts\/4567\/revisions"}],"predecessor-version":[{"id":4569,"href":"https:\/\/prensapresidencialvenezuela.gob.ve\/index.php\/wp-json\/wp\/v2\/posts\/4567\/revisions\/4569"}],"wp:featuredmedia":[{"embeddable":true,"href":"https:\/\/prensapresidencialvenezuela.gob.ve\/index.php\/wp-json\/wp\/v2\/media\/4568"}],"wp:attachment":[{"href":"https:\/\/prensapresidencialvenezuela.gob.ve\/index.php\/wp-json\/wp\/v2\/media?parent=4567"}],"wp:term":[{"taxonomy":"category","embeddable":true,"href":"https:\/\/prensapresidencialvenezuela.gob.ve\/index.php\/wp-json\/wp\/v2\/categories?post=4567"},{"taxonomy":"post_tag","embeddable":true,"href":"https:\/\/prensapresidencialvenezuela.gob.ve\/index.php\/wp-json\/wp\/v2\/tags?post=4567"}],"curies":[{"name":"wp","href":"https:\/\/api.w.org\/{rel}","templated":true}]}}