{"id":4583,"date":"2023-02-24T17:00:00","date_gmt":"2023-02-24T17:00:00","guid":{"rendered":"http:\/\/172.27.0.121\/?p=4583"},"modified":"2023-03-02T00:47:04","modified_gmt":"2023-03-02T00:47:04","slug":"fuerza-de-tarea-humanitaria-simon-bolivar-recibe-orden-francisco-de-miranda","status":"publish","type":"post","link":"https:\/\/prensapresidencialvenezuela.gob.ve\/index.php\/2023\/02\/24\/fuerza-de-tarea-humanitaria-simon-bolivar-recibe-orden-francisco-de-miranda\/","title":{"rendered":"Fuerza de Tarea Humanitaria \u201cSim\u00f3n Bol\u00edvar\u201d recibe Orden Francisco de Miranda"},"content":{"rendered":"\n<p><strong>Palacio de Miraflores, Caracas.-&nbsp;<\/strong>De manos del presidente de la Rep\u00fablica, Nicol\u00e1s Maduro, integrantes de la Fuerza de Tarea Humanitaria \u00abSim\u00f3n Bol\u00edvar\u00bb reciben este viernes la Orden Francisco de Miranda, en su Segunda Clase Precursor, en reconocimiento a su labor en las operaciones de b\u00fasqueda, salvamento y rescate desplegadas en la Rep\u00fablica \u00c1rabe Siria y la Rep\u00fablica de T\u00fcrkiye, luego del terremoto registrado a principios de febrero.<\/p>\n\n\n\n<p>La ceremonia que se realiza en el sal\u00f3n Boyac\u00e1 del Palacio de Miraflores, ubicado en Caracas, sucede a escasos d\u00edas de la llegada de los 50 especialistas (m\u00e9dicos, t\u00e9cnicos, atenci\u00f3n de desastres, identificaci\u00f3n y b\u00fasqueda de alimentos), que \u2013distribuidos en equipos de 25 brigadistas cada uno- prestaron servicio en la ciudad de Adiyaman (al sureste de T\u00fcrkiye) y Siria.<\/p>\n\n\n\n<p>Acompa\u00f1ado de la brigada canina, cada equipo profesional desempe\u00f1\u00f3 labores durante 10 d\u00edas, enrumb\u00e1ndose a las zonas afectadas el martes 7 de febrero. En simult\u00e1neo al traslado de equipos t\u00e9cnicos especializados, el Gobierno Nacional envi\u00f3 alrededor de 10 toneladas de medicamentos, alimentos y agua potable&nbsp; a Siria y T\u00fcrkiye.<\/p>\n\n\n\n<p>\u201cQu\u00e9 orgullo el nuestro ver regresar con \u00e9xito al grupo de hombres y mujeres que dejaron sus hogares, familias y la Patria, bajo un esp\u00edritu solidario, multiplicando los valores de entrega, valent\u00eda y compromiso sembrados en nuestro pueblo\u201d, enfatiz\u00f3 el canciller de la Rep\u00fablica, Yv\u00e1n Gil, a trav\u00e9s de su cuenta en la red social Twitter, @yvangil.<\/p>\n\n\n\n<p>En relaci\u00f3n a los principios de fraternidad, hermandad y protecci\u00f3n que defiende Venezuela, el jefe de Estado revalid\u00f3 que, en los momentos de mayor dificultad, los pueblos del mundo \u201ctendr\u00e1n la mano amiga de los venezolanos y las venezolanas\u201d.<\/p>\n\n\n\n<p>\u201cLa solidaridad y el apoyo de Venezuela con los pueblos del mundo siempre han estado y estar\u00e1n presentes en cualquier circunstancia. En los momentos m\u00e1s dif\u00edciles, tendr\u00e1n la mano amiga de los venezolanos y las venezolanas\u201d, puntualiz\u00f3.<\/p>\n\n\n\n<p>De acuerdo con datos de la Autoridad de Gesti\u00f3n de Emergencias y Desastres del Ministerio del Interior de la Rep\u00fablica de Turqu\u00eda (AFAD), de fecha 21 de febrero de 2023, se contabilizan 42.310 fallecidos y 448.018 evacuados de la zona afectada por dos terremotos diferentes, ocurridos el pasado 6 de febrero con epicentro en Kahramanmara\u015f de magnitudes (7,7 y 7,6).<\/p>\n\n\n\n<p>La Fuerza de Tarea Humanitaria \u201cSim\u00f3n Bol\u00edvar\u201d, creada el 3 de junio de 2005, est\u00e1 integrada por un equipo multidisciplinario de profesionales, especialistas en rescate, b\u00fasqueda y salvamento de personas, as\u00ed como asistencia psicol\u00f3gica y m\u00e9dica dedicada a coordinar y ejecutar operaciones e atenci\u00f3n y prevenci\u00f3n de desastres de origen natural.<\/p>\n\n\n\n<p><strong>Prensa Presidencial \/ Karelis Gonz\u00e1lez<\/strong><\/p>\n","protected":false},"excerpt":{"rendered":"<p>Palacio de Miraflores, Caracas.-&nbsp;De manos del presidente de la Rep\u00fablica, Nicol\u00e1s Maduro, integrantes de la Fuerza de Tarea Humanitaria \u00abSim\u00f3n Bol\u00edvar\u00bb reciben este viernes la Orden Francisco de Miranda, en su Segunda Clase Precursor, en reconocimiento a su labor en las operaciones de b\u00fasqueda, salvamento y rescate desplegadas en la Rep\u00fablica \u00c1rabe Siria y la [&hellip;]<\/p>\n","protected":false},"author":6,"featured_media":4584,"comment_status":"open","ping_status":"open","sticky":false,"template":"","format":"standard","meta":{"footnotes":""},"categories":[7],"tags":[],"class_list":["post-4583","post","type-post","status-publish","format-standard","has-post-thumbnail","hentry","category-notas-de-prensa"],"_links":{"self":[{"href":"https:\/\/prensapresidencialvenezuela.gob.ve\/index.php\/wp-json\/wp\/v2\/posts\/4583","targetHints":{"allow":["GET"]}}],"collection":[{"href":"https:\/\/prensapresidencialvenezuela.gob.ve\/index.php\/wp-json\/wp\/v2\/posts"}],"about":[{"href":"https:\/\/prensapresidencialvenezuela.gob.ve\/index.php\/wp-json\/wp\/v2\/types\/post"}],"author":[{"embeddable":true,"href":"https:\/\/prensapresidencialvenezuela.gob.ve\/index.php\/wp-json\/wp\/v2\/users\/6"}],"replies":[{"embeddable":true,"href":"https:\/\/prensapresidencialvenezuela.gob.ve\/index.php\/wp-json\/wp\/v2\/comments?post=4583"}],"version-history":[{"count":1,"href":"https:\/\/prensapresidencialvenezuela.gob.ve\/index.php\/wp-json\/wp\/v2\/posts\/4583\/revisions"}],"predecessor-version":[{"id":4585,"href":"https:\/\/prensapresidencialvenezuela.gob.ve\/index.php\/wp-json\/wp\/v2\/posts\/4583\/revisions\/4585"}],"wp:featuredmedia":[{"embeddable":true,"href":"https:\/\/prensapresidencialvenezuela.gob.ve\/index.php\/wp-json\/wp\/v2\/media\/4584"}],"wp:attachment":[{"href":"https:\/\/prensapresidencialvenezuela.gob.ve\/index.php\/wp-json\/wp\/v2\/media?parent=4583"}],"wp:term":[{"taxonomy":"category","embeddable":true,"href":"https:\/\/prensapresidencialvenezuela.gob.ve\/index.php\/wp-json\/wp\/v2\/categories?post=4583"},{"taxonomy":"post_tag","embeddable":true,"href":"https:\/\/prensapresidencialvenezuela.gob.ve\/index.php\/wp-json\/wp\/v2\/tags?post=4583"}],"curies":[{"name":"wp","href":"https:\/\/api.w.org\/{rel}","templated":true}]}}