{"id":4586,"date":"2023-02-24T17:10:00","date_gmt":"2023-02-24T17:10:00","guid":{"rendered":"http:\/\/172.27.0.121\/?p=4586"},"modified":"2023-03-02T00:48:50","modified_gmt":"2023-03-02T00:48:50","slug":"presidente-a-la-fuerza-de-tarea-humanitaria-mision-cumplida-felicitaciones","status":"publish","type":"post","link":"https:\/\/prensapresidencialvenezuela.gob.ve\/index.php\/2023\/02\/24\/presidente-a-la-fuerza-de-tarea-humanitaria-mision-cumplida-felicitaciones\/","title":{"rendered":"Presidente a la Fuerza de Tarea Humanitaria: \u00a1Misi\u00f3n Cumplida, felicitaciones!"},"content":{"rendered":"\n<p><strong>Palacio de Miraflores, Caracas. \u2013<\/strong>&nbsp;\u201c\u00a1Misi\u00f3n Cumplida, felicitaciones!, estoy orgulloso de la Fuerza de Tarea Humanitaria Sim\u00f3n Bol\u00edvar\u201d, con estas palabras el presidente de la Rep\u00fablica Bolivariana de Venezuela, Nicol\u00e1s Maduro, destac\u00f3 la loable labor en las operaciones de b\u00fasqueda, salvamento y rescate desplegadas por las brigadas venezolanas en la Rep\u00fablica \u00c1rabe Siria y la Rep\u00fablica de T\u00fcrkiye, tras el terremoto registrado entre la frontera de estas naciones, a principios del mes de febrero.<\/p>\n\n\n\n<p>Desde el Sal\u00f3n Boyac\u00e1 del Palacio de Miraflores, el Mandatario venezolano calific\u00f3 de heroica la actuaci\u00f3n de hombres y mujeres que dan acci\u00f3n a esta fuerza de tarea y han acompa\u00f1ado en su dolor a los pueblos de T\u00fcrkiye y de Siria.<\/p>\n\n\n\n<p>\u201cApenas supimos de la tragedia, del terremoto, de 7.8 grados en la regi\u00f3n fronteriza, inmediatamente, di la orden de activar todo lo que est\u00e9 a nuestro alcance, activar la Fuerza de Tarea Humanitaria con toda su fuerza moral, experiencia y bagaje hist\u00f3rico para que se fueran de inmediato a poyar a estos pueblos en sus labores de atenci\u00f3n primaria del desastre, de atenci\u00f3n y rescate como lo hicieron junto a brigadas de rescate de m\u00e1s de 50 pa\u00edses\u201d, subray\u00f3 el Dignatario nacional.<\/p>\n\n\n\n<p>Destac\u00f3 que entre estas 50 participaciones, Venezuela alz\u00f3 su contribuci\u00f3n y respaldo, porque \u201call\u00ed lleg\u00f3 el tricolor, el amarillo, el azul y el rojo de la bandera de la Rep\u00fablica Bolivariana de Venezuela, hondeada con esp\u00edritu de paz, de amor, de solidaridad, de cooperaci\u00f3n, ah\u00ed estuvo nuestra bandera\u201d.<\/p>\n\n\n\n<p>Visiblemente satisfecho de la labor cumplida, el presidente Maduro dijo sentirse muy orgulloso de ser venezolano, \u201ccuando se ve la bandera de Venezuela brillar por lo bueno, brillar por la solidaridad, porque no es un abandera que va a invadir pueblos, a bombardear o matar, es una bandera que va a salvar vidas, pueblos, que tiende su mano, esta es la bandera de Venezuela, la bandera mirandina, la bandera del estandarte de los ej\u00e9rcitos libertadores, esta es nuestra bandera, orgullosos de nuestra bandera patria, orgulloso de nuestro pueblo y orgulloso de nuestra Fuerza de Tarea Humanitaria Sim\u00f3n Bol\u00edvar\u201d.<\/p>\n\n\n\n<p>Insisti\u00f3 ante la concurrencia y a manera de reflexi\u00f3n que la bandera venezolana jam\u00e1s ha salido de \u201cnuestras fronteras para ir a bombardera o a matar pueblos, conquistar o colonizar, esta bandera cuando ha salido, hace 200 a\u00f1os, sali\u00f3 a liberar del esclavismo colonial a los pueblos de Suram\u00e9rica y lo logr\u00f3, lo logramos\u201d.<\/p>\n\n\n\n<p><strong>Solidaridad profunda<\/strong><\/p>\n\n\n\n<p>En sus palabras, sostuvo que es esa misma bandera que ahora sale a llevar solidaridad profundamente humana y \u201cla lleva nuestro pueblo uniformado: nuestro pueblo: Protecci\u00f3n Civil, bomberos, bomberos forestales\u201d.<\/p>\n\n\n\n<p>Tambi\u00e9n, el Jefe de Estado venezolano agradeci\u00f3 a su colega de T\u00fcrkiye, Recep Tayyip Erdo\u011fan, por todo su apoyo y atenciones a la brigada humanitaria, al detallar que convers\u00f3 con el Mandatario telef\u00f3nicamente para expresar \u201ctodo mi apoyo personal, humano, todo el apoyo del pueblo de Venezuela\u201d.<\/p>\n\n\n\n<p>Lo propio hizo con el presidente de Siria, Bashar H\u00e1fez al-\u00c1ssad, a quien agradeci\u00f3 durante una conversaci\u00f3n telef\u00f3nica y le manifest\u00f3 \u201ctodo el apoyo y solidaridad del pueblo de Venezuela y mi apoyo personal, a esta tarea tan dura que les toca enfrentar\u201d.<\/p>\n\n\n\n<p><strong>Prensa Presidencial \/ Ana\u00eds P\u00e9rez<\/strong><\/p>\n","protected":false},"excerpt":{"rendered":"<p>Palacio de Miraflores, Caracas. \u2013&nbsp;\u201c\u00a1Misi\u00f3n Cumplida, felicitaciones!, estoy orgulloso de la Fuerza de Tarea Humanitaria Sim\u00f3n Bol\u00edvar\u201d, con estas palabras el presidente de la Rep\u00fablica Bolivariana de Venezuela, Nicol\u00e1s Maduro, destac\u00f3 la loable labor en las operaciones de b\u00fasqueda, salvamento y rescate desplegadas por las brigadas venezolanas en la Rep\u00fablica \u00c1rabe Siria y la Rep\u00fablica [&hellip;]<\/p>\n","protected":false},"author":6,"featured_media":4587,"comment_status":"open","ping_status":"open","sticky":false,"template":"","format":"standard","meta":{"footnotes":""},"categories":[7],"tags":[],"class_list":["post-4586","post","type-post","status-publish","format-standard","has-post-thumbnail","hentry","category-notas-de-prensa"],"_links":{"self":[{"href":"https:\/\/prensapresidencialvenezuela.gob.ve\/index.php\/wp-json\/wp\/v2\/posts\/4586","targetHints":{"allow":["GET"]}}],"collection":[{"href":"https:\/\/prensapresidencialvenezuela.gob.ve\/index.php\/wp-json\/wp\/v2\/posts"}],"about":[{"href":"https:\/\/prensapresidencialvenezuela.gob.ve\/index.php\/wp-json\/wp\/v2\/types\/post"}],"author":[{"embeddable":true,"href":"https:\/\/prensapresidencialvenezuela.gob.ve\/index.php\/wp-json\/wp\/v2\/users\/6"}],"replies":[{"embeddable":true,"href":"https:\/\/prensapresidencialvenezuela.gob.ve\/index.php\/wp-json\/wp\/v2\/comments?post=4586"}],"version-history":[{"count":1,"href":"https:\/\/prensapresidencialvenezuela.gob.ve\/index.php\/wp-json\/wp\/v2\/posts\/4586\/revisions"}],"predecessor-version":[{"id":4588,"href":"https:\/\/prensapresidencialvenezuela.gob.ve\/index.php\/wp-json\/wp\/v2\/posts\/4586\/revisions\/4588"}],"wp:featuredmedia":[{"embeddable":true,"href":"https:\/\/prensapresidencialvenezuela.gob.ve\/index.php\/wp-json\/wp\/v2\/media\/4587"}],"wp:attachment":[{"href":"https:\/\/prensapresidencialvenezuela.gob.ve\/index.php\/wp-json\/wp\/v2\/media?parent=4586"}],"wp:term":[{"taxonomy":"category","embeddable":true,"href":"https:\/\/prensapresidencialvenezuela.gob.ve\/index.php\/wp-json\/wp\/v2\/categories?post=4586"},{"taxonomy":"post_tag","embeddable":true,"href":"https:\/\/prensapresidencialvenezuela.gob.ve\/index.php\/wp-json\/wp\/v2\/tags?post=4586"}],"curies":[{"name":"wp","href":"https:\/\/api.w.org\/{rel}","templated":true}]}}