{"id":45897,"date":"2026-04-26T20:20:00","date_gmt":"2026-04-27T00:20:00","guid":{"rendered":"https:\/\/prensapresidencialvenezuela.gob.ve\/?p=45897"},"modified":"2026-04-27T13:42:44","modified_gmt":"2026-04-27T17:42:44","slug":"presidenta-e-delcy-rodriguez-fue-recibida-con-honores-en-barbados-para-cumplir-agenda-estrategica","status":"publish","type":"post","link":"https:\/\/prensapresidencialvenezuela.gob.ve\/index.php\/2026\/04\/26\/presidenta-e-delcy-rodriguez-fue-recibida-con-honores-en-barbados-para-cumplir-agenda-estrategica\/","title":{"rendered":"Presidenta (E) Delcy Rodr\u00edguez fue recibida con honores en Barbados para cumplir agenda estrat\u00e9gica"},"content":{"rendered":"\n<p><strong>Barbados, 26 de abril de 2026.-<\/strong> La presidenta encargada de la Rep\u00fablica Bolivariana de Venezuela, Delcy Rodr\u00edguez, arrib\u00f3 este domingo al Aeropuerto Internacional Grantley Adams, en Bridgetown, para dar inicio a una visita oficial de Estado a Barbados.<\/p>\n\n\n\n<p>Esta jornada representa la segunda gira internacional de la mandataria encargada, d\u00e1ndole continuidad a su agenda de integraci\u00f3n regional tras la visita oficial realizada a Grenada el pasado 9 de abril.<\/p>\n\n\n\n<figure class=\"wp-block-image size-large\"><img fetchpriority=\"high\" decoding=\"async\" width=\"1024\" height=\"683\" src=\"https:\/\/prensapresidencialvenezuela.gob.ve\/wp-content\/uploads\/2026\/04\/JC_L8867-1024x683.jpg\" alt=\"\" class=\"wp-image-45900\" srcset=\"https:\/\/prensapresidencialvenezuela.gob.ve\/wp-content\/uploads\/2026\/04\/JC_L8867-1024x683.jpg 1024w, https:\/\/prensapresidencialvenezuela.gob.ve\/wp-content\/uploads\/2026\/04\/JC_L8867-300x200.jpg 300w, https:\/\/prensapresidencialvenezuela.gob.ve\/wp-content\/uploads\/2026\/04\/JC_L8867-768x512.jpg 768w, https:\/\/prensapresidencialvenezuela.gob.ve\/wp-content\/uploads\/2026\/04\/JC_L8867-1536x1024.jpg 1536w, https:\/\/prensapresidencialvenezuela.gob.ve\/wp-content\/uploads\/2026\/04\/JC_L8867-2048x1366.jpg 2048w\" sizes=\"(max-width: 1024px) 100vw, 1024px\" \/><\/figure>\n\n\n\n<p>A su llegada a suelo barbadense, la Presidenta (E) Rodr\u00edguez fue recibida con los honores correspondientes a su alta investidura por Christopher Peter, canciller de Barbados, Kerrie Symmonds, quien estuvo acompa\u00f1ada por autoridades locales y el cuerpo diplom\u00e1tico acreditado, entre los cuales est\u00e1n:<\/p>\n\n\n\n<ul class=\"wp-block-list\">\n<li>Excelent\u00edsimo Se\u00f1or Christopher Peter Sinckler , ministro de Asuntos Exteriores y Comercio Exterior de Barbados.<\/li>\n\n\n\n<li>Honorable Se\u00f1ora Selma Green, secretaria del Gabinete.<\/li>\n\n\n\n<li>Honorable Se\u00f1ora Alies Jordan, secretaria Permanente de la Oficina de la Primera Ministra.<\/li>\n\n\n\n<li>Honorable Se\u00f1ora Joy-Ann Skinner, secretaria Permanente del Ministerio de Asuntos Exteriores y Comercio Exterior.<\/li>\n\n\n\n<li>Honorable Se\u00f1or Brigadier Carlos Lovell, jefe de Estado Mayor de las Fuerzas de Defensa de Barbados.<\/li>\n\n\n\n<li>Honorable Se\u00f1or Richard Boyce, comisario de Polic\u00eda.<\/li>\n\n\n\n<li>Honorable Se\u00f1ora Resa Layne, jefa de Protocolo del Ministerio de Asuntos Exteriores y Comercio Exterior.<\/li>\n\n\n\n<li>Excelent\u00edsimo Se\u00f1or Comandante Aquinas Clarke, embajador de Barbados ante la Rep\u00fablica Bolivariana de Venezuela.<\/li>\n<\/ul>\n\n\n\n<p>Mientras que por parte de la Rep\u00fablica Bolivariana de Venezuela, la Mandataria Encargada estuvo acompa\u00f1ada en su llegada a Barbados, por: Martha Ortega, encargada de Negocios de la Rep\u00fablica Bolivariana de Venezuela, Ra\u00fal Li Causi, viceministro para el Caribe, Miguel P\u00e9rez Pirela, vicepresidente Sectorial de Comunicaci\u00f3n y Cultura, y el Capit\u00e1n Juan Escalona, ministro del Poder Popular para el Despacho de la Presidencia.<\/p>\n\n\n\n<p>Este recibimiento subraya la solidez de las relaciones entre ambas naciones y el reconocimiento mutuo como socios estrat\u00e9gicos del Caribe.<\/p>\n\n\n\n<figure class=\"wp-block-image size-large\"><img decoding=\"async\" width=\"1024\" height=\"683\" src=\"https:\/\/prensapresidencialvenezuela.gob.ve\/wp-content\/uploads\/2026\/04\/JC_L8825-1024x683.jpg\" alt=\"\" class=\"wp-image-45901\" srcset=\"https:\/\/prensapresidencialvenezuela.gob.ve\/wp-content\/uploads\/2026\/04\/JC_L8825-1024x683.jpg 1024w, https:\/\/prensapresidencialvenezuela.gob.ve\/wp-content\/uploads\/2026\/04\/JC_L8825-300x200.jpg 300w, https:\/\/prensapresidencialvenezuela.gob.ve\/wp-content\/uploads\/2026\/04\/JC_L8825-768x512.jpg 768w, https:\/\/prensapresidencialvenezuela.gob.ve\/wp-content\/uploads\/2026\/04\/JC_L8825-1536x1024.jpg 1536w, https:\/\/prensapresidencialvenezuela.gob.ve\/wp-content\/uploads\/2026\/04\/JC_L8825-2048x1366.jpg 2048w\" sizes=\"(max-width: 1024px) 100vw, 1024px\" \/><\/figure>\n\n\n\n<p>Durante su estancia, la presidenta encargada, Delcy Rodr\u00edguez, desarrollar\u00e1 una amplia agenda de trabajo con autoridades al m\u00e1s alto nivel con el objetivo de profundizar la integraci\u00f3n estrat\u00e9gica y la cooperaci\u00f3n \u00abganar-ganar\u00bb en \u00e1reas claves para el desarrollo social y econ\u00f3mico.<\/p>\n\n\n\n<p>Este encuentro se enmarca en los principios de la solidaridad, hermandad, respeto mutuo y buscando fortalecer los mecanismos de concertaci\u00f3n pol\u00edtica y econ\u00f3mica que benefician a ambos pueblos.<\/p>\n\n\n\n<p>Es importante destacar que a inicios del presente a\u00f1o, la presidenta Delcy Rodr\u00edguez envi\u00f3 un mensaje de reconocimiento y felicitaci\u00f3n al pueblo de Barbados por su exitoso y ejemplar proceso electoral. Dicho gesto reafirm\u00f3 la voluntad de Venezuela de mantener lazos de hermandad y respeto con las naciones caribe\u00f1as.<\/p>\n\n\n\n<p>Con esta segunda visita de Estado, la Presidenta Encargada reafirma el compromiso del Gobierno Bolivariano con la unidad de la regi\u00f3n, posicionando al Caribe como una regi\u00f3n estrat\u00e9gica.<\/p>\n\n\n\n<p><strong>Prensa Presidencial \/ Marvyn Bol\u00edvar<\/strong><\/p>\n","protected":false},"excerpt":{"rendered":"<p>Barbados, 26 de abril de 2026.- La presidenta encargada de la Rep\u00fablica Bolivariana de Venezuela, Delcy Rodr\u00edguez, arrib\u00f3 este domingo al Aeropuerto Internacional Grantley Adams, en Bridgetown, para dar inicio a una visita oficial de Estado a Barbados. Esta jornada representa la segunda gira internacional de la mandataria encargada, d\u00e1ndole continuidad a su agenda de [&hellip;]<\/p>\n","protected":false},"author":23,"featured_media":45899,"comment_status":"open","ping_status":"open","sticky":false,"template":"","format":"standard","meta":{"footnotes":""},"categories":[18,7],"tags":[],"class_list":["post-45897","post","type-post","status-publish","format-standard","has-post-thumbnail","hentry","category-noticias-principales","category-notas-de-prensa"],"_links":{"self":[{"href":"https:\/\/prensapresidencialvenezuela.gob.ve\/index.php\/wp-json\/wp\/v2\/posts\/45897","targetHints":{"allow":["GET"]}}],"collection":[{"href":"https:\/\/prensapresidencialvenezuela.gob.ve\/index.php\/wp-json\/wp\/v2\/posts"}],"about":[{"href":"https:\/\/prensapresidencialvenezuela.gob.ve\/index.php\/wp-json\/wp\/v2\/types\/post"}],"author":[{"embeddable":true,"href":"https:\/\/prensapresidencialvenezuela.gob.ve\/index.php\/wp-json\/wp\/v2\/users\/23"}],"replies":[{"embeddable":true,"href":"https:\/\/prensapresidencialvenezuela.gob.ve\/index.php\/wp-json\/wp\/v2\/comments?post=45897"}],"version-history":[{"count":1,"href":"https:\/\/prensapresidencialvenezuela.gob.ve\/index.php\/wp-json\/wp\/v2\/posts\/45897\/revisions"}],"predecessor-version":[{"id":45902,"href":"https:\/\/prensapresidencialvenezuela.gob.ve\/index.php\/wp-json\/wp\/v2\/posts\/45897\/revisions\/45902"}],"wp:featuredmedia":[{"embeddable":true,"href":"https:\/\/prensapresidencialvenezuela.gob.ve\/index.php\/wp-json\/wp\/v2\/media\/45899"}],"wp:attachment":[{"href":"https:\/\/prensapresidencialvenezuela.gob.ve\/index.php\/wp-json\/wp\/v2\/media?parent=45897"}],"wp:term":[{"taxonomy":"category","embeddable":true,"href":"https:\/\/prensapresidencialvenezuela.gob.ve\/index.php\/wp-json\/wp\/v2\/categories?post=45897"},{"taxonomy":"post_tag","embeddable":true,"href":"https:\/\/prensapresidencialvenezuela.gob.ve\/index.php\/wp-json\/wp\/v2\/tags?post=45897"}],"curies":[{"name":"wp","href":"https:\/\/api.w.org\/{rel}","templated":true}]}}