{"id":45903,"date":"2026-04-26T19:03:00","date_gmt":"2026-04-26T23:03:00","guid":{"rendered":"https:\/\/prensapresidencialvenezuela.gob.ve\/?p=45903"},"modified":"2026-04-27T12:47:37","modified_gmt":"2026-04-27T16:47:37","slug":"ejecutivo-nacional-activa-plan-de-atencion-especial-ante-alerta-maxima-por-lluvias","status":"publish","type":"post","link":"https:\/\/prensapresidencialvenezuela.gob.ve\/index.php\/2026\/04\/26\/ejecutivo-nacional-activa-plan-de-atencion-especial-ante-alerta-maxima-por-lluvias\/","title":{"rendered":"Ejecutivo Nacional activa Plan de Atenci\u00f3n Especial ante alerta m\u00e1xima por lluvias"},"content":{"rendered":"\n<p><strong>Caracas, Venezuela.- <\/strong>Este domingo, la presidenta encargada de la Rep\u00fablica Bolivariana de Venezuela, Delcy Rodr\u00edguez, inform\u00f3 que se mantiene la activaci\u00f3n inmediata del Plan Especial de Atenci\u00f3n a las Lluvias para abordar las afectaciones causadas por precipitaciones de \u201cintensidad extraordinaria\u201dque han sacudido el territorio nacional en las \u00faltimas 48 horas.<\/p>\n\n\n\n<p>\u201cEstamos atentos ante la presencia de lluvias extraordinarias en el pa\u00eds, debido a vaguada reforzada por el fuerte calentamiento desde el pasado 24 de abril\u201d, subray\u00f3.<\/p>\n\n\n\n<p>A trav\u00e9s de sus canal oficial en Telegram, la Mandataria Encargada explic\u00f3 que la situaci\u00f3n meteorol\u00f3gica responde a una vaguada reforzada por el fuerte calentamiento diurno registrado desde el pasado 24 de abril, lo que ha generado sistemas nubosos de gran desarrollo y lluvias constantes.<\/p>\n\n\n\n<p>Por tanto, el Ejecutivo Nacional ha priorizado la atenci\u00f3n en siete entidades federales que han reportado mayores incidencias producto de las fuertes precipitaciones, tales como:<\/p>\n\n\n\n<ul class=\"wp-block-list\">\n<li>Regi\u00f3n Centro-Norte: Aragua y Miranda.<\/li>\n\n\n\n<li>Regi\u00f3n Occidente y Andes: Lara, M\u00e9rida y Zulia.<\/li>\n\n\n\n<li>Regi\u00f3n Llanos y Oriente: Portuguesa y Sucre.<\/li>\n<\/ul>\n\n\n\n<p>\u201cTenemos activado el Plan Especial de Atenci\u00f3n a las Lluvias con acciones inmediatas en los estados Lara, M\u00e9rida, Aragua, Miranda, Portuguesa, Sucre y Zulia, afectados tras las fuertes precipitaciones, para brindar atenci\u00f3n y protecci\u00f3n a nuestro pueblo\u201d, comunic\u00f3 la Jefa de Estado Encargada.<\/p>\n\n\n\n<p>En contexto, es importante acotar que este plan contempla el despliegue de los cuerpos de seguridad ciudadana, Protecci\u00f3n Civil y equipos de infraestructura para la evaluaci\u00f3n de da\u00f1os, despeje de v\u00edas y asistencia social a las familias damnificadas, para su bienestar y seguridad.<\/p>\n\n\n\n<p><strong>Prensa Presidencial\/ Irmary D\u00edaz<\/strong><\/p>\n","protected":false},"excerpt":{"rendered":"<p>Caracas, Venezuela.- Este domingo, la presidenta encargada de la Rep\u00fablica Bolivariana de Venezuela, Delcy Rodr\u00edguez, inform\u00f3 que se mantiene la activaci\u00f3n inmediata del Plan Especial de Atenci\u00f3n a las Lluvias para abordar las afectaciones causadas por precipitaciones de \u201cintensidad extraordinaria\u201dque han sacudido el territorio nacional en las \u00faltimas 48 horas. \u201cEstamos atentos ante la presencia [&hellip;]<\/p>\n","protected":false},"author":15,"featured_media":45906,"comment_status":"open","ping_status":"open","sticky":false,"template":"","format":"standard","meta":{"footnotes":""},"categories":[18,7],"tags":[122,2016,2015],"class_list":["post-45903","post","type-post","status-publish","format-standard","has-post-thumbnail","hentry","category-noticias-principales","category-notas-de-prensa","tag-delcy-rodriguez","tag-ejecutivo-nacional","tag-plan-especial"],"_links":{"self":[{"href":"https:\/\/prensapresidencialvenezuela.gob.ve\/index.php\/wp-json\/wp\/v2\/posts\/45903","targetHints":{"allow":["GET"]}}],"collection":[{"href":"https:\/\/prensapresidencialvenezuela.gob.ve\/index.php\/wp-json\/wp\/v2\/posts"}],"about":[{"href":"https:\/\/prensapresidencialvenezuela.gob.ve\/index.php\/wp-json\/wp\/v2\/types\/post"}],"author":[{"embeddable":true,"href":"https:\/\/prensapresidencialvenezuela.gob.ve\/index.php\/wp-json\/wp\/v2\/users\/15"}],"replies":[{"embeddable":true,"href":"https:\/\/prensapresidencialvenezuela.gob.ve\/index.php\/wp-json\/wp\/v2\/comments?post=45903"}],"version-history":[{"count":1,"href":"https:\/\/prensapresidencialvenezuela.gob.ve\/index.php\/wp-json\/wp\/v2\/posts\/45903\/revisions"}],"predecessor-version":[{"id":45905,"href":"https:\/\/prensapresidencialvenezuela.gob.ve\/index.php\/wp-json\/wp\/v2\/posts\/45903\/revisions\/45905"}],"wp:featuredmedia":[{"embeddable":true,"href":"https:\/\/prensapresidencialvenezuela.gob.ve\/index.php\/wp-json\/wp\/v2\/media\/45906"}],"wp:attachment":[{"href":"https:\/\/prensapresidencialvenezuela.gob.ve\/index.php\/wp-json\/wp\/v2\/media?parent=45903"}],"wp:term":[{"taxonomy":"category","embeddable":true,"href":"https:\/\/prensapresidencialvenezuela.gob.ve\/index.php\/wp-json\/wp\/v2\/categories?post=45903"},{"taxonomy":"post_tag","embeddable":true,"href":"https:\/\/prensapresidencialvenezuela.gob.ve\/index.php\/wp-json\/wp\/v2\/tags?post=45903"}],"curies":[{"name":"wp","href":"https:\/\/api.w.org\/{rel}","templated":true}]}}